{"id":70,"date":"2025-06-03T16:48:40","date_gmt":"2025-06-03T20:48:40","guid":{"rendered":"https:\/\/cotidianamentelili.com.br\/?p=70"},"modified":"2025-08-07T10:57:08","modified_gmt":"2025-08-07T14:57:08","slug":"o-pensamento-nao-para","status":"publish","type":"post","link":"https:\/\/cotidianamentelili.com.br\/?p=70","title":{"rendered":"O pensamento n\u00e3o para!"},"content":{"rendered":"<p>Perdi o sono hoje \u00e0s quatro horas da manh\u00e3 por causa do pensamento. Uma vez, quando ainda na escola, um professor disse que a gente nunca para de pensar. Eu fiquei um tanto descrente na hora e confesso que essa afirma\u00e7\u00e3o ficou martelando na minha cabe\u00e7a at\u00e9 a idade adulta. Eu queria comprovar que realmente a gente n\u00e3o ficava sem pensar um segundo sequer. Bem, posso confirmar a voc\u00eas que eu, como cobaia de mim mesma, do meu experimento de PENSAR, n\u00e3o fico um segundo sequer sem um pensamento na cabe\u00e7a.<\/p>\n<p>Hoje de madrugada, quando tive a ins\u00f4nia, pensei em dormir novamente at\u00e9 as seis horas, at\u00e9 tomei um achocolatado morninho, mas que nada, n\u00e3o consegui mais, levantei, liguei o computador e comecei a escrever este texto.<\/p>\n<p>Posso dizer que as vezes que tenho ins\u00f4nia, muitas delas se devem ao fato de eu me deitar tarde (porque preciso ver algum programa na TV antes de dormir) e n\u00e3o desligar o c\u00e9rebro, os pensamentos passam a mil por hora pela cabe\u00e7a. Por exemplo, essa noite, antes de dormir, tive estes pensamentos: amanh\u00e3, antes de ir para o trabalho, tenho de levar o carro para lavar, mas n\u00e3o posso ficar esperando porque tenho de fazer as unhas, depilar; telefonar na eletr\u00f4nica e ver se j\u00e1 consertaram o aparelho de som que deixei l\u00e1 no in\u00edcio da semana; levar o troco de uma compra que fiz a minha prima; telefonar para tr\u00eas amigas e combinar com elas um caf\u00e9 no <em>shopping<\/em> ainda essa semana, telefonar para outra querida amiga que est\u00e1 gr\u00e1vida e tamb\u00e9m marcar um encontro para matar a saudade, acompanhar o crescimento do filhinho dela na barriga e colocar o papo em dia; finalizar os preparativos para um churrasco de fim de semana com o pessoal do trabalho, terminar uma revis\u00e3o\u2026<\/p>\n<p>Ah! Lembrei tamb\u00e9m que preciso pedir para o meu pai verificar\/arrumar a l\u00e2mpada do meu quarto que n\u00e3o est\u00e1 acendendo, quer dizer, hora depois de ligada ela acende; preciso ligar para minha gerente no banco e cancelar um agendamento na minha conta\u2026<\/p>\n<p>Ufa! E tem ainda aquele pensamento que n\u00e3o sai da nossa cabe\u00e7a: \u201cai, est\u00e1 faltando alguma coisa para eu fazer, mas n\u00e3o lembro o que \u00e9?!\u201d Como podem ver, realmente o pensamento n\u00e3o para. Enquanto eu estou aqui escrevendo o que pensei antes de dormir, bem, j\u00e1 passaram pela minha cabe\u00e7a outros mil pensamentos. \u00c9: o pensamento n\u00e3o para!<\/p>\n","protected":false},"excerpt":{"rendered":"<p>Perdi o sono hoje \u00e0s quatro horas da manh\u00e3 por causa do pensamento. Uma vez, quando ainda na escola, um professor disse que a gente nunca para de pensar. Eu fiquei um tanto descrente na hora e confesso que essa afirma\u00e7\u00e3o ficou martelando na minha cabe\u00e7a at\u00e9 a idade adulta. Eu queria comprovar que realmente &#8230; <a title=\"O pensamento n\u00e3o para!\" class=\"read-more\" href=\"https:\/\/cotidianamentelili.com.br\/?p=70\" aria-label=\"Read more about O pensamento n\u00e3o para!\">Ler mais<\/a><\/p>\n","protected":false},"author":1,"featured_media":124,"comment_status":"open","ping_status":"open","sticky":false,"template":"","format":"standard","meta":{"footnotes":""},"categories":[2],"tags":[30],"class_list":["post-70","post","type-post","status-publish","format-standard","has-post-thumbnail","hentry","category-cronicas","tag-o-pensamento-nao-para"],"_links":{"self":[{"href":"https:\/\/cotidianamentelili.com.br\/index.php?rest_route=\/wp\/v2\/posts\/70","targetHints":{"allow":["GET"]}}],"collection":[{"href":"https:\/\/cotidianamentelili.com.br\/index.php?rest_route=\/wp\/v2\/posts"}],"about":[{"href":"https:\/\/cotidianamentelili.com.br\/index.php?rest_route=\/wp\/v2\/types\/post"}],"author":[{"embeddable":true,"href":"https:\/\/cotidianamentelili.com.br\/index.php?rest_route=\/wp\/v2\/users\/1"}],"replies":[{"embeddable":true,"href":"https:\/\/cotidianamentelili.com.br\/index.php?rest_route=%2Fwp%2Fv2%2Fcomments&post=70"}],"version-history":[{"count":1,"href":"https:\/\/cotidianamentelili.com.br\/index.php?rest_route=\/wp\/v2\/posts\/70\/revisions"}],"predecessor-version":[{"id":71,"href":"https:\/\/cotidianamentelili.com.br\/index.php?rest_route=\/wp\/v2\/posts\/70\/revisions\/71"}],"wp:featuredmedia":[{"embeddable":true,"href":"https:\/\/cotidianamentelili.com.br\/index.php?rest_route=\/wp\/v2\/media\/124"}],"wp:attachment":[{"href":"https:\/\/cotidianamentelili.com.br\/index.php?rest_route=%2Fwp%2Fv2%2Fmedia&parent=70"}],"wp:term":[{"taxonomy":"category","embeddable":true,"href":"https:\/\/cotidianamentelili.com.br\/index.php?rest_route=%2Fwp%2Fv2%2Fcategories&post=70"},{"taxonomy":"post_tag","embeddable":true,"href":"https:\/\/cotidianamentelili.com.br\/index.php?rest_route=%2Fwp%2Fv2%2Ftags&post=70"}],"curies":[{"name":"wp","href":"https:\/\/api.w.org\/{rel}","templated":true}]}}