{"id":62,"date":"2025-06-03T13:59:05","date_gmt":"2025-06-03T17:59:05","guid":{"rendered":"https:\/\/cotidianamentelili.com.br\/?p=62"},"modified":"2025-08-07T10:58:25","modified_gmt":"2025-08-07T14:58:25","slug":"a-genetica-e-cruel","status":"publish","type":"post","link":"https:\/\/cotidianamentelili.com.br\/?p=62","title":{"rendered":"A gen\u00e9tica \u00e9 cruel!"},"content":{"rendered":"<p>Segundo o Dicion\u00e1rio Eletr\u00f4nico Aur\u00e9lio, v. 5.0, gen\u00e9tica, substantivo feminino, significa: <em>ramo da biologia que estuda as leis da transmiss\u00e3o dos caracteres heredit\u00e1rios nos indiv\u00edduos, e as propriedades das part\u00edculas que asseguram essa transmiss\u00e3o<\/em>. \u00c9 a tal da hereditariedade, aquela coisinha que faz com que as pessoas digam que nos parecemos com nossos pais etc.<\/p>\n<p>Mas ser\u00e1 que al\u00e9m dessa caracter\u00edstica vis\u00edvel de hereditariedade, a apar\u00eancia f\u00edsica, a gente realmente carrega algo mais dos pais da gente dentro do nosso DNA, ou somos fruto do ambiente em que vivemos?! Ser\u00e1 que o filho de um assassino psicopata vai ser tamb\u00e9m um assassino psicopata? \u00c9 muito cruel acreditar nisso, mas estudos e pesquisas no mundo todo tratam sobre o assunto com muita seriedade.<\/p>\n<p>Hoje \u00e9 poss\u00edvel, por meio de exame de DNA, com o beb\u00ea ainda no ventre da m\u00e3e, descobrir se a crian\u00e7a tem ou ter\u00e1 uma doen\u00e7a de origem gen\u00e9tica e futuramente poder trata-la ou apenas acompanhar seu desenvolvimento. Algumas delas: o mal de Alzheimer, o daltonismo, albinismo, a s\u00edndrome de Down, a epilepsia, leucemia dentre outras\u2026<\/p>\n<p>Por conta dessas descobertas e por experi\u00eancia pr\u00f3pria, me conven\u00e7o a cada dia que a tal gen\u00e9tica \u00e9 realmente cruel. Como dizia uma amiga de faculdade, que por causa da epilepsia, \u00e0s vezes se sentia prejudicada no desempenho acad\u00eamico: ent\u00e3o, ela soltava pra mim com seu sotaque peculiarmente cuiabano: <em>\u201dAi, Lesli\u00ea <\/em>(sim, esse era meu nome, em algum momento, contarei essa hist\u00f3ria)<em>, a gen\u00e9tica \u00e9 cruel!\u201d<\/em>. E isso foi h\u00e1 muitas d\u00e9cadas, e olha que nessa \u00e9poca algumas descobertas estavam engatinhando. E infelizmente, essa minha querida amiga partiu cedo demais para poder usufruir da modernidade da ci\u00eancia.<\/p>\n<p>Sabe aquela m\u00fasica de autoria do Belchior que a Elis Regina cantava: Como nossos pais? <em>\u201c\u2026Minha dor \u00e9 perceber que apesar de termos feito tudo o que fizemos, ainda somos os mesmos e vivemos como nossos pais\u2026\u201d<\/em>, \u00e9 exatamente isso que acontece com a gente.<\/p>\n<p>Quando crian\u00e7a, idolatramos nossos pais, at\u00e9 os imitamos. Na adolesc\u00eancia, alguns muitos temos vergonha dos nossos pais, e depois de algum tempo, n\u00e3o muito distante, acabamos ficando exatamente como nossos pais. \u00c0s vezes rabugentos, brig\u00f5es, autorit\u00e1rios; sem falar nos trejeitos, nas prefer\u00eancias alimentares, tem at\u00e9 aquela \u2018torcida de nariz\u2019\u2026; contamos as mesmas hist\u00f3rias milhares de vezes, quando n\u00e3o piadas, \u00e0s vezes sem gra\u00e7a (e nossos amigos riem pra n\u00e3o perder a amizade \u2013 Risos!).<\/p>\n<p>E ent\u00e3o, ser\u00e1 que al\u00e9m de herdarmos doen\u00e7as, tipo f\u00edsico, ainda herdamos algo mais al\u00e9m; a personalidade? Mas ser\u00e1 que paramos nisso? Ser\u00e1 que n\u00e3o sofremos tamb\u00e9m as influ\u00eancias do meio em que vivemos? Fica aqui a pergunta a ser refletida.<\/p>\n","protected":false},"excerpt":{"rendered":"<p>Segundo o Dicion\u00e1rio Eletr\u00f4nico Aur\u00e9lio, v. 5.0, gen\u00e9tica, substantivo feminino, significa: ramo da biologia que estuda as leis da transmiss\u00e3o dos caracteres heredit\u00e1rios nos indiv\u00edduos, e as propriedades das part\u00edculas que asseguram essa transmiss\u00e3o. \u00c9 a tal da hereditariedade, aquela coisinha que faz com que as pessoas digam que nos parecemos com nossos pais etc. &#8230; <a title=\"A gen\u00e9tica \u00e9 cruel!\" class=\"read-more\" href=\"https:\/\/cotidianamentelili.com.br\/?p=62\" aria-label=\"Read more about A gen\u00e9tica \u00e9 cruel!\">Ler mais<\/a><\/p>\n","protected":false},"author":1,"featured_media":125,"comment_status":"open","ping_status":"open","sticky":false,"template":"","format":"standard","meta":{"footnotes":""},"categories":[2],"tags":[32],"class_list":["post-62","post","type-post","status-publish","format-standard","has-post-thumbnail","hentry","category-cronicas","tag-a-genetica-e-cruel"],"_links":{"self":[{"href":"https:\/\/cotidianamentelili.com.br\/index.php?rest_route=\/wp\/v2\/posts\/62","targetHints":{"allow":["GET"]}}],"collection":[{"href":"https:\/\/cotidianamentelili.com.br\/index.php?rest_route=\/wp\/v2\/posts"}],"about":[{"href":"https:\/\/cotidianamentelili.com.br\/index.php?rest_route=\/wp\/v2\/types\/post"}],"author":[{"embeddable":true,"href":"https:\/\/cotidianamentelili.com.br\/index.php?rest_route=\/wp\/v2\/users\/1"}],"replies":[{"embeddable":true,"href":"https:\/\/cotidianamentelili.com.br\/index.php?rest_route=%2Fwp%2Fv2%2Fcomments&post=62"}],"version-history":[{"count":2,"href":"https:\/\/cotidianamentelili.com.br\/index.php?rest_route=\/wp\/v2\/posts\/62\/revisions"}],"predecessor-version":[{"id":66,"href":"https:\/\/cotidianamentelili.com.br\/index.php?rest_route=\/wp\/v2\/posts\/62\/revisions\/66"}],"wp:featuredmedia":[{"embeddable":true,"href":"https:\/\/cotidianamentelili.com.br\/index.php?rest_route=\/wp\/v2\/media\/125"}],"wp:attachment":[{"href":"https:\/\/cotidianamentelili.com.br\/index.php?rest_route=%2Fwp%2Fv2%2Fmedia&parent=62"}],"wp:term":[{"taxonomy":"category","embeddable":true,"href":"https:\/\/cotidianamentelili.com.br\/index.php?rest_route=%2Fwp%2Fv2%2Fcategories&post=62"},{"taxonomy":"post_tag","embeddable":true,"href":"https:\/\/cotidianamentelili.com.br\/index.php?rest_route=%2Fwp%2Fv2%2Ftags&post=62"}],"curies":[{"name":"wp","href":"https:\/\/api.w.org\/{rel}","templated":true}]}}