{"id":57,"date":"2025-06-03T13:33:05","date_gmt":"2025-06-03T17:33:05","guid":{"rendered":"https:\/\/cotidianamentelili.com.br\/?p=57"},"modified":"2025-08-07T10:59:03","modified_gmt":"2025-08-07T14:59:03","slug":"ai-que-saudade-do-carteiro","status":"publish","type":"post","link":"https:\/\/cotidianamentelili.com.br\/?p=57","title":{"rendered":"Ai que saudade do carteiro!"},"content":{"rendered":"<p>Quando me mudei para Cuiab\u00e1, em 1991, recebia cartas de parentes e amigos todos os dias, isso mesmo, todos os dias. Os anos foram passando, as cartas foram se estreitando e a <em>internet<\/em> chegou e acabou com a poesia do carteiro, das cartas mandadas em pap\u00e9is perfumados (escritas com canetas coloridas), da ansiedade na espera por not\u00edcias vindas de longe\u2026 Bem, mas \u00e9 o ciclo da vida, a evolu\u00e7\u00e3o das coisas!<\/p>\n<p>Outro dia mandei um <em>e-mail<\/em> para todos da minha lista de contatos para passar meu novo n\u00famero de celular (porque tinha trocado de operadora) e tamb\u00e9m porque precisava limitar a quantidade de endere\u00e7os eletr\u00f4nicos que tinha para apenas um. Olha o que escrevi: \u201cOl\u00e1, novamente, queridos amigos, colegas, parentes, de hoje e de sempre, de longe e de perto\u2026<\/p>\n<p>Acho que estou passando pela crise dos 30 e poucos! Uma confus\u00e3o na cabe\u00e7a, algumas inseguran\u00e7as, uma crise existencial sem fim\u2026 Mudo de celular (para quem ainda n\u00e3o tem, anotem a\u00ed: xxxx-xxxx), corto o cabelo, e agora, para finalizar (ser\u00e1?), volto a usar apenas esse <em>e-mail<\/em> que escrevo para voc\u00eas\u2026 Chega! \u00c9 muito <em>e-mail<\/em> pra ler, muitas mensagens encaminhadas\u2026 correntes\u2026, n\u00e3o h\u00e1 santo que aguente! Risos! \u00c9 isso! Para me acharem, podem me mandar <em>e-mail<\/em> para xxxxxxx@xxxxxxx ou telefonar, por favor, telefonem, mandem <em>e-mails<\/em>, mas n\u00e3o encaminhem apenas\u2026 Contem-me como est\u00e3o\u2026 Vamos estreitar amizades! Esse mundo &#8216;frio&#8217; no qual estamos vivendo (da tecnologia, da correria do trabalho etc.) \u00e9 t\u00e3o solit\u00e1rio e acabamos por nos ver t\u00e3o pouco e j\u00e1 que vamos nos falar pelo virtual, pelo menos que seja mais \u00edntimo e pessoal (nome de filme, n\u00e9?! N\u00e3o era para rimar, mas rimou).<\/p>\n<p>Para finalizar, se porventura eu assinar algum outro <em>e-mail<\/em> ou trocar de telefone de novo, voc\u00eas logo, logo, ficar\u00e3o sabendo! Grande abra\u00e7o cheio de carinho para todos, Lili.\u201d Um amigo escreveu uma grande verdade no perfil dele do <em>orkut<\/em> \u2013 outra modalidade virtual que foi uma febre \u2013 que \u201ca internet vai revolucionar muitas coisas, mas jamais vai substituir a necessidade do contato direto entre as pessoas.\u201d Tamb\u00e9m penso assim. Ai que saudade do carteiro!<\/p>\n","protected":false},"excerpt":{"rendered":"<p>Quando me mudei para Cuiab\u00e1, em 1991, recebia cartas de parentes e amigos todos os dias, isso mesmo, todos os dias. Os anos foram passando, as cartas foram se estreitando e a internet chegou e acabou com a poesia do carteiro, das cartas mandadas em pap\u00e9is perfumados (escritas com canetas coloridas), da ansiedade na espera &#8230; <a title=\"Ai que saudade do carteiro!\" class=\"read-more\" href=\"https:\/\/cotidianamentelili.com.br\/?p=57\" aria-label=\"Read more about Ai que saudade do carteiro!\">Ler mais<\/a><\/p>\n","protected":false},"author":1,"featured_media":115,"comment_status":"open","ping_status":"open","sticky":false,"template":"","format":"standard","meta":{"footnotes":""},"categories":[2],"tags":[33],"class_list":["post-57","post","type-post","status-publish","format-standard","has-post-thumbnail","hentry","category-cronicas","tag-ai-que-saudade-do-carteiro"],"_links":{"self":[{"href":"https:\/\/cotidianamentelili.com.br\/index.php?rest_route=\/wp\/v2\/posts\/57","targetHints":{"allow":["GET"]}}],"collection":[{"href":"https:\/\/cotidianamentelili.com.br\/index.php?rest_route=\/wp\/v2\/posts"}],"about":[{"href":"https:\/\/cotidianamentelili.com.br\/index.php?rest_route=\/wp\/v2\/types\/post"}],"author":[{"embeddable":true,"href":"https:\/\/cotidianamentelili.com.br\/index.php?rest_route=\/wp\/v2\/users\/1"}],"replies":[{"embeddable":true,"href":"https:\/\/cotidianamentelili.com.br\/index.php?rest_route=%2Fwp%2Fv2%2Fcomments&post=57"}],"version-history":[{"count":1,"href":"https:\/\/cotidianamentelili.com.br\/index.php?rest_route=\/wp\/v2\/posts\/57\/revisions"}],"predecessor-version":[{"id":58,"href":"https:\/\/cotidianamentelili.com.br\/index.php?rest_route=\/wp\/v2\/posts\/57\/revisions\/58"}],"wp:featuredmedia":[{"embeddable":true,"href":"https:\/\/cotidianamentelili.com.br\/index.php?rest_route=\/wp\/v2\/media\/115"}],"wp:attachment":[{"href":"https:\/\/cotidianamentelili.com.br\/index.php?rest_route=%2Fwp%2Fv2%2Fmedia&parent=57"}],"wp:term":[{"taxonomy":"category","embeddable":true,"href":"https:\/\/cotidianamentelili.com.br\/index.php?rest_route=%2Fwp%2Fv2%2Fcategories&post=57"},{"taxonomy":"post_tag","embeddable":true,"href":"https:\/\/cotidianamentelili.com.br\/index.php?rest_route=%2Fwp%2Fv2%2Ftags&post=57"}],"curies":[{"name":"wp","href":"https:\/\/api.w.org\/{rel}","templated":true}]}}