{"id":187,"date":"2025-12-24T14:34:53","date_gmt":"2025-12-24T18:34:53","guid":{"rendered":"https:\/\/cotidianamentelili.com.br\/?p=187"},"modified":"2025-12-24T14:34:53","modified_gmt":"2025-12-24T18:34:53","slug":"mais-um-natal","status":"publish","type":"post","link":"https:\/\/cotidianamentelili.com.br\/?p=187","title":{"rendered":"Mais um Natal!"},"content":{"rendered":"<p align=\"justify\"><span style=\"font-family: Calibri, sans-serif;\"><span style=\"font-size: large;\">24 de dezembro de 2025, v\u00e9spera de Natal! <\/span><\/span><\/p>\n<p align=\"justify\"><span style=\"font-family: Calibri, sans-serif;\"><span style=\"font-size: large;\">Mais um ano que reunimos a fam\u00edlia e os amigos e fazemos a festa natalina com bastante comida, trocas de presentes e muito bate-papo, e de novo nos esquecemos de convidar o aniversariante, o motivo primeiro (ou que deveria ser) das festas de fim de ano para os crist\u00e3os. <\/span><\/span><\/p>\n<p align=\"justify\"><span style=\"font-family: Calibri, sans-serif;\"><span style=\"font-size: large;\">Cada ano, cada Natal nos distanciamos mais e mais do verdadeiro significado do dia 25 de dezembro, que \u00e9 a data que comemoramos a chegada de Jesus a este mundo, aquele que veio para mudar a hist\u00f3ria, aproximar as pessoas e classes, mas que \u00e9 muitas vezes negligenciado e mal interpretado. <\/span><\/span><\/p>\n<p align=\"justify\"><span style=\"font-family: Calibri, sans-serif;\"><span style=\"font-size: large;\">Muitas pessoas podem dizer que estou exagerando ou podem dizer que a culpa desse \u2018esquecimento\u2019 \u00e9 da m\u00eddia que despeja nos comercias de TV o consumismo. Bem, n\u00e3o tiro a raz\u00e3o delas, realmente a m\u00eddia colabora e muito com o nosso consumismo\u2026 As crian\u00e7as ficam ansiosas por brinquedos de \u00faltima gera\u00e7\u00e3o e com a visita do Papai Noel, personagem atribu\u00edda a um velhinho que entra nas casas das pessoas na noite de Natal e deixa presentes para as crian\u00e7as embaixo de uma \u00e1rvore enfeitada para a ocasi\u00e3o. <\/span><\/span><\/p>\n<p align=\"justify\"><span style=\"font-family: Calibri, sans-serif;\"><span style=\"font-size: large;\">Li na Wikip\u00e9dia que realmente existiu um velhinho, na verdade um arcebispo chamado S\u00e3o Nicolau, que vivia em Mira, na Turquia, e ajudava quem estivesse com dificuldades financeiras colocando nas chamin\u00e9s de suas casas sacos com moedas de ouro. Foi na Alemanha que ele se transformou em s\u00edmbolo natalino e da\u00ed se espalhou pelo mundo, tendo ganhado for\u00e7a por meio de um professor nova-iorquino em 1822, para contribuir mais ainda com o consumismo dos pobres pais que acabam comprando os presentes que os filhos pedem ao \u2018velhinho\u2019 e colocam embaixo da \u00e1rvore de natal para fazer de conta que foi Papai Noel quem deixou\u2026 <\/span><\/span><\/p>\n<p align=\"justify\"><span style=\"font-family: Calibri, sans-serif;\"><span style=\"font-size: large;\">E ent\u00e3o, estamos ou n\u00e3o estamos cada vez mais distantes do verdadeiro significado do Natal? Em que momento nessa \u00e9poca do ano vemos na televis\u00e3o ou nas redes digitais (com exce\u00e7\u00e3o das especificamente \u2018religiosas\u2019) algu\u00e9m falar em parabenizar Jesus por mais um anivers\u00e1rio?! Fora dos canais espec\u00edficos, acredito que em nenhum momento! <\/span><\/span><\/p>\n<p align=\"justify\"><span style=\"font-family: Calibri, sans-serif;\"><span style=\"font-size: large;\">A correria do dia a dia e as redes digitais nos atropelam e nos impedem de fazer as coisas mais simples como dar um telefonema, sim, por favor, n\u00e3o digam que n\u00e3o gostam de receber uma liga\u00e7\u00e3o calorosa daquela(e) amiga(o) que voc\u00eas gostas e admiras, mas que n\u00e3o se falam h\u00e1 bastante tempo\u2026 <\/span><\/span><\/p>\n<p align=\"justify\"><span style=\"font-family: Calibri, sans-serif;\"><span style=\"font-size: large;\">Hoje, conversar com algu\u00e9m pelas m\u00eddias digitais facilitou muito a vida da gente, mas tamb\u00e9m nos distanciou demais do acolhimento humano. Ach\u00e1vamos que a humanidade ficaria melhor p\u00f3s-pandemia, mas infelizmente temos visto o contr\u00e1rio disso em algumas pessoas. <\/span><\/span><\/p>\n<p align=\"justify\"><span style=\"font-family: Calibri, sans-serif;\"><span style=\"font-size: large;\">Proponho, como aquelas listas do que fazer no ano novo: ressignificar o Natal, as comemora\u00e7\u00f5es advindas dele e as comunica\u00e7\u00f5es humanas t\u00e3o negligenciadas nesses tempos loucos; vamos nos redimir com Jesus e agradecer pela sua passagem pela Terra e pelos ensinamentos deixados por ele; vamos procurar nos desconectar desse mundo virtual que est\u00e1 longe de ser nossa realidade; vamos falar menos e ouvir mais; comer menos, trabalhar mais na esperan\u00e7a de um mundo em que todos possamos conviver pura e simplesmente como irm\u00e3os! Reflitamos sobre isso! Feliz anivers\u00e1rio, Jesus! E feliz Natal a todas e todos e um Ano Novo repleto de paz, prosperidade, do\u00e7ura e leveza!<\/span><\/span><\/p>\n","protected":false},"excerpt":{"rendered":"<p>24 de dezembro de 2025, v\u00e9spera de Natal! Mais um ano que reunimos a fam\u00edlia e os amigos e fazemos a festa natalina com bastante comida, trocas de presentes e muito bate-papo, e de novo nos esquecemos de convidar o aniversariante, o motivo primeiro (ou que deveria ser) das festas de fim de ano para &#8230; <a title=\"Mais um Natal!\" class=\"read-more\" href=\"https:\/\/cotidianamentelili.com.br\/?p=187\" aria-label=\"Read more about Mais um Natal!\">Ler mais<\/a><\/p>\n","protected":false},"author":1,"featured_media":188,"comment_status":"open","ping_status":"open","sticky":false,"template":"","format":"standard","meta":{"footnotes":""},"categories":[2],"tags":[39,37,38],"class_list":["post-187","post","type-post","status-publish","format-standard","has-post-thumbnail","hentry","category-cronicas","tag-anonovo","tag-maisumnatal","tag-papainoel"],"_links":{"self":[{"href":"https:\/\/cotidianamentelili.com.br\/index.php?rest_route=\/wp\/v2\/posts\/187","targetHints":{"allow":["GET"]}}],"collection":[{"href":"https:\/\/cotidianamentelili.com.br\/index.php?rest_route=\/wp\/v2\/posts"}],"about":[{"href":"https:\/\/cotidianamentelili.com.br\/index.php?rest_route=\/wp\/v2\/types\/post"}],"author":[{"embeddable":true,"href":"https:\/\/cotidianamentelili.com.br\/index.php?rest_route=\/wp\/v2\/users\/1"}],"replies":[{"embeddable":true,"href":"https:\/\/cotidianamentelili.com.br\/index.php?rest_route=%2Fwp%2Fv2%2Fcomments&post=187"}],"version-history":[{"count":2,"href":"https:\/\/cotidianamentelili.com.br\/index.php?rest_route=\/wp\/v2\/posts\/187\/revisions"}],"predecessor-version":[{"id":190,"href":"https:\/\/cotidianamentelili.com.br\/index.php?rest_route=\/wp\/v2\/posts\/187\/revisions\/190"}],"wp:featuredmedia":[{"embeddable":true,"href":"https:\/\/cotidianamentelili.com.br\/index.php?rest_route=\/wp\/v2\/media\/188"}],"wp:attachment":[{"href":"https:\/\/cotidianamentelili.com.br\/index.php?rest_route=%2Fwp%2Fv2%2Fmedia&parent=187"}],"wp:term":[{"taxonomy":"category","embeddable":true,"href":"https:\/\/cotidianamentelili.com.br\/index.php?rest_route=%2Fwp%2Fv2%2Fcategories&post=187"},{"taxonomy":"post_tag","embeddable":true,"href":"https:\/\/cotidianamentelili.com.br\/index.php?rest_route=%2Fwp%2Fv2%2Ftags&post=187"}],"curies":[{"name":"wp","href":"https:\/\/api.w.org\/{rel}","templated":true}]}}