{"id":183,"date":"2025-10-21T13:39:46","date_gmt":"2025-10-21T17:39:46","guid":{"rendered":"https:\/\/cotidianamentelili.com.br\/?p=183"},"modified":"2025-10-21T13:39:46","modified_gmt":"2025-10-21T17:39:46","slug":"pausa","status":"publish","type":"post","link":"https:\/\/cotidianamentelili.com.br\/?p=183","title":{"rendered":"Pausa"},"content":{"rendered":"<p>Quando iniciei meu processo de escrita e sonhava intimamente ser uma escritora famosa, n\u00e3o imaginava que hoje poderia fazer isso: escrever e publicar, ainda que organicamente, meus textos. E isso mesmo sem uma edi\u00e7\u00e3o criteriosa dos tempos verbais, da coer\u00eancia, da coes\u00e3o, enfim, das t\u00e9cnicas que estudei na faculdade de Letras. Tenho convic\u00e7\u00e3o de que minha escrita n\u00e3o est\u00e1 no padr\u00e3o normativo da academia, mas isso n\u00e3o me inquieta, talvez por pretens\u00e3o ou por ingenuidade, mas sei que gosto do resultado do que produzo, ainda que perceba e me frustre ver que poucos leem, pelo menos, quem eu imaginaria me ler n\u00e3o l\u00ea, n\u00e3o sei se por desinteresse, recalque ou por nada mesmo.<\/p>\n<p>Tenho um defeito que talvez muitas pessoas compartilhem: de me projetar no outro, esperando que ele seja como eu. Admiro genuinamente muitas amigas e amigos, sem inveja, ainda que a vida nos tenha distanciado; tor\u00e7o por elas e eles em suas carreiras e vidas pessoais, movida apenas pela admira\u00e7\u00e3o, sem nenhum interesse oculto.<\/p>\n<p>No entanto, minha intui\u00e7\u00e3o diz que essa reciprocidade n\u00e3o existe e isso me d\u00f3i. Pode ser apenas uma impress\u00e3o errada \u2013 sei que h\u00e1 exce\u00e7\u00f5es \u2013 mas carrego um complexo de rejei\u00e7\u00e3o desde a inf\u00e2ncia. Talvez a mudan\u00e7a dos tempos, com a chegada da internet e das ditas redes digitais tenha contribu\u00eddo para isso.<\/p>\n<p>As pessoas parecem se comportar como rob\u00f4s, visualizam sem ler, interagem de forma anestesiada. A modernidade do universo virtual trouxe muitas inova\u00e7\u00f5es, mas poucos sabem usufruir dela de forma consciente.<\/p>\n<p>A experi\u00eancia me ensinou algo importante: temos valorizado menos a comunica\u00e7\u00e3o significativa, especialmente quando algu\u00e9m que admiramos tenta nos alcan\u00e7ar com uma mensagem gentil ou uma informa\u00e7\u00e3o relevante. H\u00e1 uma crescente relut\u00e2ncia em atender liga\u00e7\u00f5es telef\u00f4nicas, substitu\u00eddas pelas liga\u00e7\u00f5es via WhatsApp, contudo, essa depend\u00eancia digital frequentemente falha e a conversa, antes fluida, acaba sendo truncada por problemas de conex\u00e3o.<\/p>\n<p>Anos atr\u00e1s eu desativei no meu WhatsApp a fun\u00e7\u00e3o que me diz que a pessoa leu minha mensagem, que s\u00e3o os dois risquinhos que ficam azuis. Foi uma liberta\u00e7\u00e3o, para quem \u00e9 ansioso e inseguro sabe que isso \u00e9 uma vit\u00f3ria. Como adulta que sou, sei que a pessoa que recebeu a mensagem vai ler em algum momento do seu dia e caber\u00e1 a ela, com sua maturidade e seu livre arb\u00edtrio responder ou n\u00e3o.<\/p>\n<p>Eu posso dizer por mim: tirando aquelas mensagens de \u201cbom dia\u201d encaminhadas constantemente, em que a pessoa nem se digna a realmente falar comigo e sei que ela provavelmente tem uma lista de transmiss\u00e3o di\u00e1ria (e est\u00e1 tudo bem), sempre respondo, nunca deixo a pessoa sem resposta, mesmo que seja negativa; pode acontecer vez ou outra um esquecimento, mas \u00e9 raro.<\/p>\n<p>N\u00e3o parei de escrever no blog apenas por causa dessa \u2018m\u00e1goa\u2019, digamos assim; foi uma pausa inconsciente, parei porque n\u00e3o consegui mesmo escrever, tive um bloqueio liter\u00e1rio (que chique), muitas demandas cotidianas e sob minha perspectiva sem nenhuma relev\u00e2ncia para ser publicadas.<\/p>\n<p>Por outro lado, tive algum progresso no meu despretensioso romance, com o avan\u00e7o de alguns cap\u00edtulos, que muito em breve voc\u00eas ter\u00e3o novas informa\u00e7\u00f5es sobre ele.<\/p>\n","protected":false},"excerpt":{"rendered":"<p>Quando iniciei meu processo de escrita e sonhava intimamente ser uma escritora famosa, n\u00e3o imaginava que hoje poderia fazer isso: escrever e publicar, ainda que organicamente, meus textos. E isso mesmo sem uma edi\u00e7\u00e3o criteriosa dos tempos verbais, da coer\u00eancia, da coes\u00e3o, enfim, das t\u00e9cnicas que estudei na faculdade de Letras. Tenho convic\u00e7\u00e3o de que &#8230; <a title=\"Pausa\" class=\"read-more\" href=\"https:\/\/cotidianamentelili.com.br\/?p=183\" aria-label=\"Read more about Pausa\">Ler mais<\/a><\/p>\n","protected":false},"author":1,"featured_media":184,"comment_status":"open","ping_status":"open","sticky":false,"template":"","format":"standard","meta":{"footnotes":""},"categories":[2],"tags":[35,34,36],"class_list":["post-183","post","type-post","status-publish","format-standard","has-post-thumbnail","hentry","category-cronicas","tag-escrita","tag-pausa","tag-rededigital"],"_links":{"self":[{"href":"https:\/\/cotidianamentelili.com.br\/index.php?rest_route=\/wp\/v2\/posts\/183","targetHints":{"allow":["GET"]}}],"collection":[{"href":"https:\/\/cotidianamentelili.com.br\/index.php?rest_route=\/wp\/v2\/posts"}],"about":[{"href":"https:\/\/cotidianamentelili.com.br\/index.php?rest_route=\/wp\/v2\/types\/post"}],"author":[{"embeddable":true,"href":"https:\/\/cotidianamentelili.com.br\/index.php?rest_route=\/wp\/v2\/users\/1"}],"replies":[{"embeddable":true,"href":"https:\/\/cotidianamentelili.com.br\/index.php?rest_route=%2Fwp%2Fv2%2Fcomments&post=183"}],"version-history":[{"count":1,"href":"https:\/\/cotidianamentelili.com.br\/index.php?rest_route=\/wp\/v2\/posts\/183\/revisions"}],"predecessor-version":[{"id":185,"href":"https:\/\/cotidianamentelili.com.br\/index.php?rest_route=\/wp\/v2\/posts\/183\/revisions\/185"}],"wp:featuredmedia":[{"embeddable":true,"href":"https:\/\/cotidianamentelili.com.br\/index.php?rest_route=\/wp\/v2\/media\/184"}],"wp:attachment":[{"href":"https:\/\/cotidianamentelili.com.br\/index.php?rest_route=%2Fwp%2Fv2%2Fmedia&parent=183"}],"wp:term":[{"taxonomy":"category","embeddable":true,"href":"https:\/\/cotidianamentelili.com.br\/index.php?rest_route=%2Fwp%2Fv2%2Fcategories&post=183"},{"taxonomy":"post_tag","embeddable":true,"href":"https:\/\/cotidianamentelili.com.br\/index.php?rest_route=%2Fwp%2Fv2%2Ftags&post=183"}],"curies":[{"name":"wp","href":"https:\/\/api.w.org\/{rel}","templated":true}]}}