{"id":179,"date":"2025-08-07T10:38:07","date_gmt":"2025-08-07T14:38:07","guid":{"rendered":"https:\/\/cotidianamentelili.com.br\/?p=179"},"modified":"2025-10-21T08:57:49","modified_gmt":"2025-10-21T12:57:49","slug":"autoconhecimento","status":"publish","type":"post","link":"https:\/\/cotidianamentelili.com.br\/?p=179","title":{"rendered":"Autoconhecimento"},"content":{"rendered":"<p style=\"text-align: justify; line-height: 250%; background: white;\"><span class=\"textexposedshow\"><span style=\"font-family: 'Calibri','sans-serif'; color: #141823;\">O processo de autoconhecimento nunca cessa quando \u00e9 iniciado a partir de um movimento de dor ou de grande mudan\u00e7a na nossa vida. <\/span><\/span><\/p>\n<p style=\"text-align: justify; line-height: 250%; background: white;\"><span class=\"textexposedshow\"><span style=\"font-family: 'Calibri','sans-serif'; color: #141823;\">Todos passamos por mudan\u00e7as ao longo dos anos, mas nem todos despertam para o autoconhecimento, porque \u00e9 doloroso, e por mecanismos de autopreserva\u00e7\u00e3o, evitamos a dor o m\u00e1ximo que podemos. <\/span><\/span><\/p>\n<p style=\"text-align: justify; line-height: 250%; background: white;\"><span class=\"textexposedshow\"><span style=\"font-family: 'Calibri','sans-serif'; color: #141823;\">Olhar para n\u00f3s mesmos no espelho e enxergar nossas imperfei\u00e7\u00f5es e aceit\u00e1-las n\u00e3o s\u00e3o uma tarefa f\u00e1cil, e fazer as pazes conosco \u00e9 ainda mais desafiador, mas em contrapartida, \u00e9 libertador. <\/span><\/span><\/p>\n<p style=\"text-align: justify; line-height: 250%; background: white;\"><span class=\"textexposedshow\"><span style=\"font-family: 'Calibri','sans-serif'; color: #141823;\">Em um passado j\u00e1 long\u00ednquo, eu torcia o nariz para a filosofia (por quest\u00f5es que n\u00e3o v\u00eam ao caso no momento ou por ignor\u00e2ncia mesmo), mas admito que os fil\u00f3sofos e religiosos ic\u00f4nicos sabiam o que diziam quando nos presentearam com estes aforismos atemporais: \u201cConhece-te a ti mesmo.\u201d (S\u00f3crates) e \u201cConhece-te, aceita-te, supera-te.\u201d (Santo Agostinho) <\/span><\/span><\/p>\n<p style=\"text-align: justify; line-height: 250%; background: white;\"><span class=\"textexposedshow\"><span style=\"font-family: 'Calibri','sans-serif'; color: #141823;\">Quando nos despimos de preconceitos, rituais herdados de uma cria\u00e7\u00e3o \u00e0s vezes repressora (n\u00e3o por maldade, mas por desconhecimento de uma diferente), estamos abertos a nos conhecermos desnudos dessa heran\u00e7a compuls\u00f3ria. <\/span><\/span><\/p>\n<p style=\"text-align: justify; line-height: 250%; background: white;\"><span class=\"textexposedshow\"><span style=\"font-family: 'Calibri','sans-serif'; color: #141823;\">Acredito que o meu processo de autoconhecimento tenha come\u00e7ado quando dei in\u00edcio ao meu processo de ado\u00e7\u00e3o, e quando minha filha chegou e me tornei m\u00e3e. Num dia eu era apenas e t\u00e3o somente a Lili, filha \u00fanica de Elena e Jos\u00e9, uma pessoa t\u00edmida, introspectiva, amiga, com uma vida at\u00e9 ent\u00e3o pacata, e no outro, renasci m\u00e3e da Mariana, uma crian\u00e7a que demandava aten\u00e7\u00e3o, cuidado, carinho, (como toda crian\u00e7a), mas que a ela havia sido tirado; e desse dia em diante, nunca mais fui a mesma pessoa, sigo aprendendo, errando, acertando, errando de novo, mas sempre disposta a melhorar. Passei a viver, por escolha, pela minha filha. <\/span><\/span><\/p>\n<p style=\"text-align: justify; line-height: 250%; background: white;\"><span class=\"textexposedshow\"><span style=\"font-family: 'Calibri','sans-serif'; color: #141823;\">A maternidade foi e \u00e9 a melhor experi\u00eancia que me aconteceu, porque me despertou para o autoconhecimento e para uma vida com um prop\u00f3sito, de educar e mostrar o mundo a uma criatura que me foi confiada por Deus. Certa de que na maternidade n\u00e3o tem zona de conforto, cada momento \u00e9 um turbilh\u00e3o de emo\u00e7\u00f5es. O que estamos vivenciando agora \u00e9 a adolesc\u00eancia, quem j\u00e1 viveu, sabe bem como \u00e9. <\/span><\/span><\/p>\n<p style=\"text-align: justify; line-height: 250%; background: white;\"><span class=\"textexposedshow\"><span style=\"font-family: 'Calibri','sans-serif'; color: #141823;\">E hoje, felizmente, temos tantos recursos que antes n\u00e3o t\u00ednhamos, mas ainda assim, nada supera a viv\u00eancia do dia a dia. <\/span><\/span><\/p>\n<p style=\"text-align: justify; line-height: 250%; background: white;\"><span class=\"textexposedshow\"><span style=\"font-family: 'Calibri','sans-serif'; color: #141823;\">Quando passarmos para o lado de l\u00e1 da vida que n\u00e3o cessa, prestaremos contas apenas e t\u00e3o somente do que fizemos da nossa exist\u00eancia e com a vida que nos foi confiada. Ningu\u00e9m vai responder por n\u00f3s a n\u00e3o ser n\u00f3s mesmos. Ent\u00e3o, n\u00e3o adianta ficarmos preocupados com o que os outros pensam e falam sobre n\u00f3s, porque no fim das contas, n\u00e3o importa. <\/span><\/span><\/p>\n<p style=\"text-align: justify; line-height: 250%; background: white;\"><span class=\"textexposedshow\"><span style=\"font-family: 'Calibri','sans-serif'; color: #141823;\">Nesse intervalo de tempo, para aproveitar o que h\u00e1 de melhor neste mundo e nesta exist\u00eancia, precisamos viver a vida em toda sua leveza e plenitude.<\/span><\/span><\/p>\n","protected":false},"excerpt":{"rendered":"<p>O processo de autoconhecimento nunca cessa quando \u00e9 iniciado a partir de um movimento de dor ou de grande mudan\u00e7a na nossa vida. Todos passamos por mudan\u00e7as ao longo dos anos, mas nem todos despertam para o autoconhecimento, porque \u00e9 doloroso, e por mecanismos de autopreserva\u00e7\u00e3o, evitamos a dor o m\u00e1ximo que podemos. Olhar para &#8230; <a title=\"Autoconhecimento\" class=\"read-more\" href=\"https:\/\/cotidianamentelili.com.br\/?p=179\" aria-label=\"Read more about Autoconhecimento\">Ler mais<\/a><\/p>\n","protected":false},"author":1,"featured_media":180,"comment_status":"open","ping_status":"open","sticky":false,"template":"","format":"standard","meta":{"footnotes":""},"categories":[2],"tags":[17],"class_list":["post-179","post","type-post","status-publish","format-standard","has-post-thumbnail","hentry","category-cronicas","tag-autoconhecimento"],"_links":{"self":[{"href":"https:\/\/cotidianamentelili.com.br\/index.php?rest_route=\/wp\/v2\/posts\/179","targetHints":{"allow":["GET"]}}],"collection":[{"href":"https:\/\/cotidianamentelili.com.br\/index.php?rest_route=\/wp\/v2\/posts"}],"about":[{"href":"https:\/\/cotidianamentelili.com.br\/index.php?rest_route=\/wp\/v2\/types\/post"}],"author":[{"embeddable":true,"href":"https:\/\/cotidianamentelili.com.br\/index.php?rest_route=\/wp\/v2\/users\/1"}],"replies":[{"embeddable":true,"href":"https:\/\/cotidianamentelili.com.br\/index.php?rest_route=%2Fwp%2Fv2%2Fcomments&post=179"}],"version-history":[{"count":1,"href":"https:\/\/cotidianamentelili.com.br\/index.php?rest_route=\/wp\/v2\/posts\/179\/revisions"}],"predecessor-version":[{"id":181,"href":"https:\/\/cotidianamentelili.com.br\/index.php?rest_route=\/wp\/v2\/posts\/179\/revisions\/181"}],"wp:featuredmedia":[{"embeddable":true,"href":"https:\/\/cotidianamentelili.com.br\/index.php?rest_route=\/wp\/v2\/media\/180"}],"wp:attachment":[{"href":"https:\/\/cotidianamentelili.com.br\/index.php?rest_route=%2Fwp%2Fv2%2Fmedia&parent=179"}],"wp:term":[{"taxonomy":"category","embeddable":true,"href":"https:\/\/cotidianamentelili.com.br\/index.php?rest_route=%2Fwp%2Fv2%2Fcategories&post=179"},{"taxonomy":"post_tag","embeddable":true,"href":"https:\/\/cotidianamentelili.com.br\/index.php?rest_route=%2Fwp%2Fv2%2Ftags&post=179"}],"curies":[{"name":"wp","href":"https:\/\/api.w.org\/{rel}","templated":true}]}}