{"id":174,"date":"2025-07-24T16:41:57","date_gmt":"2025-07-24T20:41:57","guid":{"rendered":"https:\/\/cotidianamentelili.com.br\/?p=174"},"modified":"2025-08-07T10:42:56","modified_gmt":"2025-08-07T14:42:56","slug":"queridas-os-amigas-os-editada","status":"publish","type":"post","link":"https:\/\/cotidianamentelili.com.br\/?p=174","title":{"rendered":"Queridas\/os amigas\/os (editada)"},"content":{"rendered":"<p>N\u00e3o li o livro \u2018O ca\u00e7ador de pipas\u2019, mas sucumbi ao filme e me rendi \u00e0quela maravilhosa hist\u00f3ria de amizade, chorei feito crian\u00e7a!<\/p>\n<p>O filme, apesar de triste, me fez muito bem e me levou a refletir sobre a amizade.<\/p>\n<p>Considero-me uma pessoa de sorte, pois ao longo dos meus anos de vida tive e tenho queridas\/os amigas\/os e hoje quero fazer a todos uma homenagem pelo dia do amigo, comemorado no dia 20 de julho.<\/p>\n<p>N\u00e3o serei ego\u00edsta nem injusta em dizer que tive um grande e melhor amigo, vou me arriscar a dizer que foram muitos, cada um com sua import\u00e2ncia em um determinado momento da minha vida.<\/p>\n<p>Anos atr\u00e1s, quando em uma viagem a minha cidade natal, Ara\u00e7atuba, vivi uma emo\u00e7\u00e3o \u00edmpar, reencontrei, por acaso, uma amiga de inf\u00e2ncia, Roberta, estudamos juntas na pr\u00e9-escola, no Parque Infantil Leon\u00edsia de Castro.<\/p>\n<p>Rever a Roberta e a irm\u00e3 dela Renata me fez voltar 30 anos no tempo\u2026 Ela tem uma lembran\u00e7a de mim t\u00e3o forte e emocionante que nem sei como explicar. Vi nos olhos dela, quando nos reencontramos, uma alegria inocente de inf\u00e2ncia.<\/p>\n<p>Confesso que naquele momento n\u00e3o retribu\u00ed com a mesma intensidade, talvez pela surpresa, mas depois desse encontro, reatamos nosso la\u00e7o e, mesmo com uma dist\u00e2ncia de mais de mil quil\u00f4metros, mantemos, ainda que virtualmente, nossa amizade.<\/p>\n<p>Em tempos de redes digitais e vida \u2018no autom\u00e1tico\u2019, considero um luxo e uma riqueza imensur\u00e1vel saber ter sido importante para algu\u00e9m em determinado momento de nossas vidas.<\/p>\n<p>De experi\u00eancias ecl\u00e9ticas nas amizades, aprendi, com a maturidade do alto dos meus 51 anos, que ao longo dos anos, muitas dessas amizades se transformaram, algumas acabaram, como um ciclo que se fecha em cada momento de nossas vidas, ainda que tenha sido do\u00eddo e tenha passado pela fase da culpa pela aus\u00eancia ou falta de manuten\u00e7\u00e3o, vez ou outra sinto um gostinho de tristeza na alma, feito luto.<\/p>\n<p>Tenho uma lista significativa de amigas\/os, de cada fase da minha vida e ela est\u00e1 guardada no meu cora\u00e7\u00e3o e como disse: cada qual com a sua import\u00e2ncia e participa\u00e7\u00e3o especial na minha vida.<\/p>\n<p>Aos que se foram e aos que ainda fazem parte da minha vida, mesmo que virtualmente, agrade\u00e7o por existirem e estarem aqui por mim e para mim! Saibam que tamb\u00e9m estou aqui \u2013 mesmo dando minhas sumidas \u2013, a um passo de uma mensagem ou telefonema.<\/p>\n<p>Beijo todas\/os com carinho e felicito-as\/os pelo dia do amigo com alguns dias de atraso!<\/p>\n","protected":false},"excerpt":{"rendered":"<p>N\u00e3o li o livro \u2018O ca\u00e7ador de pipas\u2019, mas sucumbi ao filme e me rendi \u00e0quela maravilhosa hist\u00f3ria de amizade, chorei feito crian\u00e7a! O filme, apesar de triste, me fez muito bem e me levou a refletir sobre a amizade. Considero-me uma pessoa de sorte, pois ao longo dos meus anos de vida tive e &#8230; <a title=\"Queridas\/os amigas\/os (editada)\" class=\"read-more\" href=\"https:\/\/cotidianamentelili.com.br\/?p=174\" aria-label=\"Read more about Queridas\/os amigas\/os (editada)\">Ler mais<\/a><\/p>\n","protected":false},"author":1,"featured_media":176,"comment_status":"open","ping_status":"open","sticky":false,"template":"","format":"standard","meta":{"footnotes":""},"categories":[2],"tags":[23],"class_list":["post-174","post","type-post","status-publish","format-standard","has-post-thumbnail","hentry","category-cronicas","tag-queridas-os-amigas-os"],"_links":{"self":[{"href":"https:\/\/cotidianamentelili.com.br\/index.php?rest_route=\/wp\/v2\/posts\/174","targetHints":{"allow":["GET"]}}],"collection":[{"href":"https:\/\/cotidianamentelili.com.br\/index.php?rest_route=\/wp\/v2\/posts"}],"about":[{"href":"https:\/\/cotidianamentelili.com.br\/index.php?rest_route=\/wp\/v2\/types\/post"}],"author":[{"embeddable":true,"href":"https:\/\/cotidianamentelili.com.br\/index.php?rest_route=\/wp\/v2\/users\/1"}],"replies":[{"embeddable":true,"href":"https:\/\/cotidianamentelili.com.br\/index.php?rest_route=%2Fwp%2Fv2%2Fcomments&post=174"}],"version-history":[{"count":1,"href":"https:\/\/cotidianamentelili.com.br\/index.php?rest_route=\/wp\/v2\/posts\/174\/revisions"}],"predecessor-version":[{"id":177,"href":"https:\/\/cotidianamentelili.com.br\/index.php?rest_route=\/wp\/v2\/posts\/174\/revisions\/177"}],"wp:featuredmedia":[{"embeddable":true,"href":"https:\/\/cotidianamentelili.com.br\/index.php?rest_route=\/wp\/v2\/media\/176"}],"wp:attachment":[{"href":"https:\/\/cotidianamentelili.com.br\/index.php?rest_route=%2Fwp%2Fv2%2Fmedia&parent=174"}],"wp:term":[{"taxonomy":"category","embeddable":true,"href":"https:\/\/cotidianamentelili.com.br\/index.php?rest_route=%2Fwp%2Fv2%2Fcategories&post=174"},{"taxonomy":"post_tag","embeddable":true,"href":"https:\/\/cotidianamentelili.com.br\/index.php?rest_route=%2Fwp%2Fv2%2Ftags&post=174"}],"curies":[{"name":"wp","href":"https:\/\/api.w.org\/{rel}","templated":true}]}}