{"id":170,"date":"2025-07-10T16:40:51","date_gmt":"2025-07-10T20:40:51","guid":{"rendered":"https:\/\/cotidianamentelili.com.br\/?p=170"},"modified":"2025-08-07T10:43:24","modified_gmt":"2025-08-07T14:43:24","slug":"identidade-musical-editada","status":"publish","type":"post","link":"https:\/\/cotidianamentelili.com.br\/?p=170","title":{"rendered":"Identidade musical (editada)"},"content":{"rendered":"<p>Hoje quando estava dirigindo para o trabalho, coloquei um CD da Maria Beth\u00e2nia para ouvir, era o \u00e1lbum <em>\u00c1libi<\/em>, e naquele momento, senti uma nostalgia imensa e gostosa ao me lembrar da \u00e9poca em que eu escutava m\u00fasicas no toca-fitas do meu pai, em uma fita K7 que minha m\u00e3e havia ganhado do meu primo Arthur.<\/p>\n<p>O.K., O.K., podem dizer: \u201cNossa, faz tempo, hein?!\u201d Bem, faz muito tempo mesmo, tanto tempo que essa lembran\u00e7a me inspirou a fazer uma retrospectiva da minha identidade musical ao longo dos anos.<\/p>\n<p>Percebi que sou uma pessoa musical, mesmo sem ser especialista no assunto, minha vida \u00e9 permeada por m\u00fasica, e ouso dizer que sempre de boa qualidade.<\/p>\n<p>Quando ainda crian\u00e7a, l\u00e1 pelos meus nove anos, minha querida m\u00e3e me colocou, a pedido meu certamente, para fazer aula de piano, tive uma professora muito dedicada, a cham\u00e1vamos carinhosamente de \u201ctia\u201d S\u00f4nia, ela dava aulas na casa dela e no final de cada semestre, se n\u00e3o me falhe a mem\u00f3ria, faz\u00edamos uma audi\u00e7\u00e3o para mostrar nosso progresso nas aulas, fiz duas audi\u00e7\u00f5es e a primeira delas aconteceu no Teatro Municipal de Ara\u00e7atuba, tenho uma foto ic\u00f4nica desse dia: eu estava, desde aquele tempo, de cabelinho curto, com um vestido de veludo florido com bolsinha a tiracolo, meia-cal\u00e7a branca e sapato de verniz preto (que \u00e9 a foto tema dessa cr\u00f4nica).<\/p>\n<p>Apesar de amar piano, n\u00e3o tinha talento, pelo menos n\u00e3o nato, ent\u00e3o, ainda na inf\u00e2ncia, resolvi abandonar a carreira de pianista. Risos!<\/p>\n<p>Anos mais tarde tentei o viol\u00e3o, mas totalmente sem jeito, talvez por ser canhota e o professor se atrapalhar para mudar a posi\u00e7\u00e3o das cordas pra eu conseguir tocar com a m\u00e3o esquerda, tamb\u00e9m acabei abandonando carreira de violonista.<\/p>\n<p>Decidi ser apenas apreciadora amadora de boa m\u00fasica e sigo at\u00e9 hoje colecionando gostos e prefer\u00eancias pelas m\u00fasicas \u2018antigas\u2019, como diz minha filha, mas que eu sempre contraponho dizendo que as m\u00fasicas s\u00e3o atemporais, pelo menos as de boa qualidade.<\/p>\n<p>Na minha inf\u00e2ncia e in\u00edcio da adolesc\u00eancia em Ara\u00e7atuba conheci os melhores compositores e int\u00e9rpretes da m\u00fasica popular brasileira.<\/p>\n<p>Eu gastaria p\u00e1ginas e p\u00e1ginas citando todas as m\u00fasicas ou artistas que conheci e aprendi a gostar, mas s\u00f3 pra gente ter uma ideia e n\u00e3o ficar ma\u00e7ante vou elencar algumas dezenas delas\/deles.<\/p>\n<p>Os mais ouvidos e at\u00e9 hoje conhecidos mundialmente: Gal Costa, Maria Beth\u00e2nia, Caetano Veloso, Chico Buarque.<\/p>\n<p>N\u00e3o sou o tipo de pessoa que se pode confiar na mem\u00f3ria \u2013 \u00e9 sempre bom frisar isso \u2013, n\u00e3o me lembro de datas exatas nem da ordem dos acontecimentos, mas sei que eu ouvia mais gente: no apartamento da minha prima Carla tenho as lembran\u00e7as n\u00edtidas de alguns LPs que marcaram sobremaneira a minha inf\u00e2ncia e que hoje, adulta e m\u00e3e, procurei reouvir com minha filha: Arca de No\u00e9, Casa de Brinquedos, s\u00f3 nesses dois discos juntos v\u00e1rios int\u00e9rpretes: Toquinho, Vin\u00edcius de Moraes, Tom Jobim, Elis Regina, Marina, Simone etc.<\/p>\n<p>Eu apreciava tamb\u00e9m os cl\u00e1ssicos estrangeiros como Beatles, Pink Floyd, nunca me esqueci de uma colagem na parede do quarto de m\u00fasica da casa dos meus primos: umas placas de um pl\u00e1stico r\u00edgido simulando um muro branco, que era a reprodu\u00e7\u00e3o da capa do disco The Wall, do Pink Floyd. A gente se sentava no ch\u00e3o do quarto que tinha apenas discos, o aparelho de som, almofadas, carpete e muitos sonhos\u2026<\/p>\n<p>Nesses bons anos eu ouvia muito Raul Seixas do meu quintal, pelo toca-fitas da casa dos nossos vizinhos e aprendi todo o repert\u00f3rio dele.<\/p>\n<p>Eu tamb\u00e9m ouvia Michael Jackson, David Bowie e Janis Joplin\u2026<\/p>\n<p>Dos rock\/pop brasileiros: Legi\u00e3o Urbana, Paralamas do Sucesso, Tit\u00e3s e Engenheiros do Hava\u00ed.<\/p>\n<p>N\u00e3o posso deixar de mencionar uma febre que tive por m\u00fasica latina, em especial, o querid\u00edssimo e gato \u2013 \u00e0 \u00e9poca \u2013 Luis Miguel, ainda carrego comigo um carinho muito especial por ele.<\/p>\n<p>Nos tempos da Faculdade, acompanhava o lan\u00e7amento das m\u00fasicas da Marisa Monte, sabia o repert\u00f3rio todo dela, sigo apaixonada at\u00e9 hoje.<\/p>\n<p>Alanis Morissette tamb\u00e9m era uma das minhas preferidas dos tempos acad\u00eamicos e a ou\u00e7o vez ou outra.<\/p>\n<p>Tive ainda a fase da m\u00fasica cl\u00e1ssica \u2013 que sigo gostando \u2013, com uma prefer\u00eancia por piano; ganhei um CD duplo com um compilado dos melhores cl\u00e1ssicos do piano: Chopin, Schumann, Liszt, Mandelssohn e outros.<\/p>\n<p>Hoje muita coisa mudou na ind\u00fastria fonogr\u00e1fica: a forma como as m\u00fasicas s\u00e3o gravadas e distribu\u00eddas e tamb\u00e9m como podemos ouvi-las.<\/p>\n<p>Existem as chamadas plataformas digitais, n\u00e3o farei propaganda de nenhuma aqui, n\u00e3o de gra\u00e7a \u2013 risos \u2013, mas posso afirmar que elas popularizaram e democratizaram a forma como podemos ouvir boa m\u00fasica: de gra\u00e7a \u2013 com an\u00fancios de toda sorte \u2013 e a op\u00e7\u00e3o paga \u2013 sem interrup\u00e7\u00f5es de an\u00fancios \u2013.<\/p>\n<p>Mesmo com o surgimento dessa modernidade, existe um movimento de nostalgia em que muitas pessoas est\u00e3o redescobrindo os LPs e suas vitrolas ou toca-discos, como queiram, e claro: com isso ressurgiu um novo mercado da m\u00fasica.<\/p>\n<p>Ainda n\u00e3o sucumbi a essa febre, por v\u00e1rios motivos e tamb\u00e9m porque n\u00e3o sou uma cr\u00edtica voraz, tampouco especialista de som de qualidade etc., apenas gosto de ouvir minhas m\u00fasicas preferidas onde eu estiver e a hora que eu quiser, bastando um clique no meu celular.<\/p>\n<p>Gostei de revisitar minha trajet\u00f3ria e evolu\u00e7\u00e3o musical ao longo dos anos, posso dizer que sou muito feliz com a minha identidade musical!<\/p>\n","protected":false},"excerpt":{"rendered":"<p>Hoje quando estava dirigindo para o trabalho, coloquei um CD da Maria Beth\u00e2nia para ouvir, era o \u00e1lbum \u00c1libi, e naquele momento, senti uma nostalgia imensa e gostosa ao me lembrar da \u00e9poca em que eu escutava m\u00fasicas no toca-fitas do meu pai, em uma fita K7 que minha m\u00e3e havia ganhado do meu primo &#8230; <a title=\"Identidade musical (editada)\" class=\"read-more\" href=\"https:\/\/cotidianamentelili.com.br\/?p=170\" aria-label=\"Read more about Identidade musical (editada)\">Ler mais<\/a><\/p>\n","protected":false},"author":1,"featured_media":171,"comment_status":"open","ping_status":"open","sticky":false,"template":"","format":"standard","meta":{"footnotes":""},"categories":[2],"tags":[24],"class_list":["post-170","post","type-post","status-publish","format-standard","has-post-thumbnail","hentry","category-cronicas","tag-identidade-musical"],"_links":{"self":[{"href":"https:\/\/cotidianamentelili.com.br\/index.php?rest_route=\/wp\/v2\/posts\/170","targetHints":{"allow":["GET"]}}],"collection":[{"href":"https:\/\/cotidianamentelili.com.br\/index.php?rest_route=\/wp\/v2\/posts"}],"about":[{"href":"https:\/\/cotidianamentelili.com.br\/index.php?rest_route=\/wp\/v2\/types\/post"}],"author":[{"embeddable":true,"href":"https:\/\/cotidianamentelili.com.br\/index.php?rest_route=\/wp\/v2\/users\/1"}],"replies":[{"embeddable":true,"href":"https:\/\/cotidianamentelili.com.br\/index.php?rest_route=%2Fwp%2Fv2%2Fcomments&post=170"}],"version-history":[{"count":1,"href":"https:\/\/cotidianamentelili.com.br\/index.php?rest_route=\/wp\/v2\/posts\/170\/revisions"}],"predecessor-version":[{"id":172,"href":"https:\/\/cotidianamentelili.com.br\/index.php?rest_route=\/wp\/v2\/posts\/170\/revisions\/172"}],"wp:featuredmedia":[{"embeddable":true,"href":"https:\/\/cotidianamentelili.com.br\/index.php?rest_route=\/wp\/v2\/media\/171"}],"wp:attachment":[{"href":"https:\/\/cotidianamentelili.com.br\/index.php?rest_route=%2Fwp%2Fv2%2Fmedia&parent=170"}],"wp:term":[{"taxonomy":"category","embeddable":true,"href":"https:\/\/cotidianamentelili.com.br\/index.php?rest_route=%2Fwp%2Fv2%2Fcategories&post=170"},{"taxonomy":"post_tag","embeddable":true,"href":"https:\/\/cotidianamentelili.com.br\/index.php?rest_route=%2Fwp%2Fv2%2Ftags&post=170"}],"curies":[{"name":"wp","href":"https:\/\/api.w.org\/{rel}","templated":true}]}}