{"id":166,"date":"2025-07-04T09:35:17","date_gmt":"2025-07-04T13:35:17","guid":{"rendered":"https:\/\/cotidianamentelili.com.br\/?p=166"},"modified":"2025-08-07T10:41:24","modified_gmt":"2025-08-07T14:41:24","slug":"a-multiplicidade-das-minorias","status":"publish","type":"post","link":"https:\/\/cotidianamentelili.com.br\/?p=166","title":{"rendered":"A multiplicidade das minorias"},"content":{"rendered":"<p>Somos um universo de m\u00faltiplas minorias. Cada um no seu \u00edntimo tem a sua minoria e todas t\u00eam o seu valor e o seu lugar de fala (conceito em voga).<\/p>\n<p>Eu fa\u00e7o parte de algumas minorias, mas hoje quero falar de uma parte que me toca e n\u00e3o me afeta substancialmente, mas me incomoda um tiquinho e quero compartilhar com voc\u00eas essa minha \u2018dor\u2019! Poucos devem saber: sou canhota.<\/p>\n<p>Estima-se que sejamos 15% da popula\u00e7\u00e3o mundial (enquanto 50% dos gatos s\u00e3o considerados canhotos).<\/p>\n<p>J\u00e1 faz um tempo que quero comprar uma luva que tira pelos mortos da minha gata, mas s\u00f3 existe (at\u00e9 onde pesquisei) da m\u00e3o direita!<\/p>\n<p>Dias atr\u00e1s mandei mensagem pra uma p\u00e1gina no <em>Instagram<\/em> que vende produtos para gatos e perguntei se eles tinham a luva com a m\u00e3o esquerda, vejam o di\u00e1logo:<\/p>\n<p>Perguntei:<\/p>\n<p>\u201c\u2013 Voc\u00eas t\u00eam pra canhotos? S\u00f3 vejo a m\u00e3o direita!\u201d \u2013 A primeira resposta:<\/p>\n<p>\u201c\u2013 S\u00f3 a direita. Mas se voc\u00ea \u00e9 canhota \u00e9 melhor usar a m\u00e3o direita pra isso mesmo. Pro caso deles ficarem irados e quererem atacar a sua m\u00e3o.\u201d<\/p>\n<p>Respondi:<\/p>\n<p>\u201c\u2013 N\u00e3o tenho a mesma autonomia que com a m\u00e3o esquerda!\u201d<\/p>\n<p>E o vendedor continuou com argumentos para me convencer a comprar a \u2018m\u00e3o direita\u2019.<\/p>\n<p>O retorno que eu queria e que penso adequado a um empreendedor, mesmo que isso fosse algo distante de efetivamente acontecer, eu faria isso:<\/p>\n<p>\u201cAh, n\u00e3o temos, mas vamos anotar seu pedido e mandar para os fabricantes a reivindica\u00e7\u00e3o\u2026\u201d<\/p>\n<p>S\u00e3o raros os ambidestros ou os que t\u00eam habilidade com as duas m\u00e3os!<\/p>\n<p>E se fosse um deficiente que s\u00f3 tem o bra\u00e7o e m\u00e3o esquerdos, o que o vendedor diria a ele?<\/p>\n<p>Imagina o aumento de vendas que eles teriam! T\u00e1, n\u00e3o seria significativamente maior, mas certamente seria empaticamente melhor\u2026!<\/p>\n<p>A t\u00edtulo de curiosidade, seguem algumas dificuldades dos canhotos:<\/p>\n<p>\u2013 a carteira escolar, quando encontrava para canhotos, era uma ou duas, \u00e0s vezes quebrada\u2026 Lembro-me que nos tempos de escola e faculdade, de ter de procurar de sala em sala at\u00e9 encontrar uma e levar para minha sala;<\/p>\n<p>\u2013 o posicionamento das teclas do mouse;<\/p>\n<p>\u2013 tesouras;<\/p>\n<p>\u2013 o formato do abridor de latas;<\/p>\n<p>\u2013 caderno espiral;<\/p>\n<p>\u2013 apontador de l\u00e1pis;<\/p>\n<p>\u2013 a posi\u00e7\u00e3o do fio do ferro de passar roupa;<\/p>\n<p>Al\u00e9m dessas, acrescento as minhas dificuldades: aprender a tocar viol\u00e3o (uma vez tive um professor, mas ele n\u00e3o conseguiu me ensinar porque precisava trocar a posi\u00e7\u00e3o das cordas), acabei desistindo da carreira musical. Risos! Aprender croch\u00ea e tric\u00f4&#8230;<\/p>\n<p>Essas s\u00e3o as que me lembro, sem falar nas supersti\u00e7\u00f5es e preconceitos que os canhotos eram\/s\u00e3o submetidos: j\u00e1 ouvi que n\u00e3o era de Deus, tive professora alfabetizadora que quis mudar meu aprendizado da escrita para a m\u00e3o direita (isso era muito comum no Brasil antigamente) ou ouvir que levanto todo dia com o p\u00e9 esquerdo.<\/p>\n<p>Bem, ao longo da vida, me adaptei a tudo isso, mas seria muito legal encontrar mais produtos para canhotos.<\/p>\n<p>E se algum de voc\u00eas j\u00e1 viu a luva com a m\u00e3o esquerda em algum lugar, me d\u00e1 um toque, por favor!<\/p>\n<p>Essa hist\u00f3ria me remeteu a um poema de um dos meus poetas preferidos:<\/p>\n<p><em>&#8220;Hip\u00f3tese<\/em><\/p>\n<p><em>E se Deus \u00e9 canhoto e criou com a m\u00e3o esquerda?<\/em><\/p>\n<p><em>Isso explica, talvez, as coisas deste mundo.&#8221;<\/em> (Carlos Drummond de Andrade)<\/p>\n","protected":false},"excerpt":{"rendered":"<p>Somos um universo de m\u00faltiplas minorias. Cada um no seu \u00edntimo tem a sua minoria e todas t\u00eam o seu valor e o seu lugar de fala (conceito em voga). Eu fa\u00e7o parte de algumas minorias, mas hoje quero falar de uma parte que me toca e n\u00e3o me afeta substancialmente, mas me incomoda um &#8230; <a title=\"A multiplicidade das minorias\" class=\"read-more\" href=\"https:\/\/cotidianamentelili.com.br\/?p=166\" aria-label=\"Read more about A multiplicidade das minorias\">Ler mais<\/a><\/p>\n","protected":false},"author":1,"featured_media":167,"comment_status":"open","ping_status":"open","sticky":false,"template":"","format":"standard","meta":{"footnotes":""},"categories":[2],"tags":[21],"class_list":["post-166","post","type-post","status-publish","format-standard","has-post-thumbnail","hentry","category-cronicas","tag-a-multiplicidade-das-minorias"],"_links":{"self":[{"href":"https:\/\/cotidianamentelili.com.br\/index.php?rest_route=\/wp\/v2\/posts\/166","targetHints":{"allow":["GET"]}}],"collection":[{"href":"https:\/\/cotidianamentelili.com.br\/index.php?rest_route=\/wp\/v2\/posts"}],"about":[{"href":"https:\/\/cotidianamentelili.com.br\/index.php?rest_route=\/wp\/v2\/types\/post"}],"author":[{"embeddable":true,"href":"https:\/\/cotidianamentelili.com.br\/index.php?rest_route=\/wp\/v2\/users\/1"}],"replies":[{"embeddable":true,"href":"https:\/\/cotidianamentelili.com.br\/index.php?rest_route=%2Fwp%2Fv2%2Fcomments&post=166"}],"version-history":[{"count":1,"href":"https:\/\/cotidianamentelili.com.br\/index.php?rest_route=\/wp\/v2\/posts\/166\/revisions"}],"predecessor-version":[{"id":168,"href":"https:\/\/cotidianamentelili.com.br\/index.php?rest_route=\/wp\/v2\/posts\/166\/revisions\/168"}],"wp:featuredmedia":[{"embeddable":true,"href":"https:\/\/cotidianamentelili.com.br\/index.php?rest_route=\/wp\/v2\/media\/167"}],"wp:attachment":[{"href":"https:\/\/cotidianamentelili.com.br\/index.php?rest_route=%2Fwp%2Fv2%2Fmedia&parent=166"}],"wp:term":[{"taxonomy":"category","embeddable":true,"href":"https:\/\/cotidianamentelili.com.br\/index.php?rest_route=%2Fwp%2Fv2%2Fcategories&post=166"},{"taxonomy":"post_tag","embeddable":true,"href":"https:\/\/cotidianamentelili.com.br\/index.php?rest_route=%2Fwp%2Fv2%2Ftags&post=166"}],"curies":[{"name":"wp","href":"https:\/\/api.w.org\/{rel}","templated":true}]}}