{"id":160,"date":"2025-06-27T18:31:54","date_gmt":"2025-06-27T22:31:54","guid":{"rendered":"https:\/\/cotidianamentelili.com.br\/?p=160"},"modified":"2025-08-07T10:44:40","modified_gmt":"2025-08-07T14:44:40","slug":"mario-quintana-escrevia-poemas-sobre-mim-editada","status":"publish","type":"post","link":"https:\/\/cotidianamentelili.com.br\/?p=160","title":{"rendered":"Mario Quintana escrevia poemas sobre mim! (editada)"},"content":{"rendered":"<p>Dos meus livros de cabeceira, o livro <em>Poesia Completa<\/em>, de Mario Quintana (um dos meus poetas preferidos), \u00e9 o mais especial porque ganhei de presente em um momento muito feliz da minha vida. E como leio e releio dia sim, dia n\u00e3o, redescobri tempos atr\u00e1s que ele escrevia poemas sobre mim. \u00c9 s\u00e9rio. Em mais de um livro ele menciona meu nome in\u00fameras vezes. E de todos os poemas que escreveu pra mim, hoje escolhi um que pretendo usar como lema de vida:<\/p>\n<p>&#8220;<em>Viver<\/em><\/p>\n<p><em>Vov\u00f4 ganhou mais um dia. Sentado na copa, de pijama e chinelas,<\/em><\/p>\n<p><em>enrola o primeiro cigarro e espera o gostoso caf\u00e9 com leite.\u00a0<\/em><\/p>\n<p><em>Lili, matinal como um passarinho, tamb\u00e9m espera o caf\u00e9 com leite.<\/em><\/p>\n<p><em>Tal e qual vov\u00f4.\u00a0<\/em><\/p>\n<p><em>Pois s\u00f3 as crian\u00e7as e os velhos conhecem a vol\u00fapia de viver dia a dia, hora a hora, e suas esperas e desejos nunca se estendem al\u00e9m de cinco minutos\u2026\u201d<\/em> (Mario Quintana)<\/p>\n<p>Viram que impressionante?! Eu disse que ele escrevia sobre mim! Risos! Sonhos e brincadeiras \u00e0 parte, quero falar um pouco sobre o assunto VIVER sob a perspectiva desse poema.<\/p>\n<p>T\u00e1 certo que \u00e9 um viver bem <em>carpe diem<\/em>, mas Quintana o justifica muito bem, pois as personagens, vov\u00f4 e Lili, apesar de terem idades extremamente diferentes, d\u00e3o o mesmo sentido ef\u00eamero \u00e0 vida, vov\u00f4 porque j\u00e1 viveu tudo o que tinha de viver e agora est\u00e1 curtindo o lucro da vida: os dias que tem a mais pra viver, sem compromissos maiores; e Lili porque \u00e9 crian\u00e7a, ainda n\u00e3o tem as responsabilidades e os dissabores da vida adulta, seu \u00fanico compromisso \u00e9 com ela mesma: de se divertir.<\/p>\n<p>Num equil\u00edbrio entre os meus extremos: a Lili ansiosa e medrosa e a Lili sonhadora e corajosa, penso que a vida da gente tem de ser assim, um dia de cada vez, nada de planos com prazos muito longos, tudo pra agora, imediatamente, ou pelo menos, em uma medida certa, \u00e9 claro, se \u00e9 que d\u00e1 pra conciliar essas palavras ou esses extremos.<\/p>\n<p>Acredito que muitas das nossas crises existenciais se d\u00e3o por conta das grandes expectativas que criamos na nossa cabe\u00e7a da vida que sonhamos viver e por algum motivo (a vida) n\u00e3o aconteceu\u2026<\/p>\n<p>Uma vez li em uma revista ou um livro, n\u00e3o me lembro bem, que devemos ter mais de um objetivo ou projeto de vida, porque se um n\u00e3o der certo usamos o outro e o outro e o outro\u2026 sem grandes frustra\u00e7\u00f5es. Ideia interessante e pertinente, mas sabemos que na pr\u00e1tica nem sempre \u00e9 assim, pois vivemos em um mundo que nos incita a querer e buscar obter, a qualquer custo, qualquer coisa, estando ou n\u00e3o ao nosso alcance e acabamos nos prendendo numa armadilha perigosa.<\/p>\n<p>E ent\u00e3o sonhamos com a roupa, o carro, o emprego, o apartamento ou a casa, a pessoa, a vida, que por obra do destino (caso queiram) ou por causa das escolhas que fizemos ao longo da vida n\u00e3o podemos ter porque cada um \u00e9 \u00fanico e cada vida tem o seu pr\u00f3prio sentido.<\/p>\n<p>E seguimos vivendo repletos de enganos e um dia, talvez tarde demais, deixamos de desfrutar da leveza da vida vivida por vov\u00f4 e Lili!<\/p>\n","protected":false},"excerpt":{"rendered":"<p>Dos meus livros de cabeceira, o livro Poesia Completa, de Mario Quintana (um dos meus poetas preferidos), \u00e9 o mais especial porque ganhei de presente em um momento muito feliz da minha vida. E como leio e releio dia sim, dia n\u00e3o, redescobri tempos atr\u00e1s que ele escrevia poemas sobre mim. \u00c9 s\u00e9rio. Em mais &#8230; <a title=\"Mario Quintana escrevia poemas sobre mim! (editada)\" class=\"read-more\" href=\"https:\/\/cotidianamentelili.com.br\/?p=160\" aria-label=\"Read more about Mario Quintana escrevia poemas sobre mim! (editada)\">Ler mais<\/a><\/p>\n","protected":false},"author":1,"featured_media":162,"comment_status":"open","ping_status":"open","sticky":false,"template":"","format":"standard","meta":{"footnotes":""},"categories":[2],"tags":[25],"class_list":["post-160","post","type-post","status-publish","format-standard","has-post-thumbnail","hentry","category-cronicas","tag-mario-quintana-escrevia-poemas-sobre-mim"],"_links":{"self":[{"href":"https:\/\/cotidianamentelili.com.br\/index.php?rest_route=\/wp\/v2\/posts\/160","targetHints":{"allow":["GET"]}}],"collection":[{"href":"https:\/\/cotidianamentelili.com.br\/index.php?rest_route=\/wp\/v2\/posts"}],"about":[{"href":"https:\/\/cotidianamentelili.com.br\/index.php?rest_route=\/wp\/v2\/types\/post"}],"author":[{"embeddable":true,"href":"https:\/\/cotidianamentelili.com.br\/index.php?rest_route=\/wp\/v2\/users\/1"}],"replies":[{"embeddable":true,"href":"https:\/\/cotidianamentelili.com.br\/index.php?rest_route=%2Fwp%2Fv2%2Fcomments&post=160"}],"version-history":[{"count":3,"href":"https:\/\/cotidianamentelili.com.br\/index.php?rest_route=\/wp\/v2\/posts\/160\/revisions"}],"predecessor-version":[{"id":165,"href":"https:\/\/cotidianamentelili.com.br\/index.php?rest_route=\/wp\/v2\/posts\/160\/revisions\/165"}],"wp:featuredmedia":[{"embeddable":true,"href":"https:\/\/cotidianamentelili.com.br\/index.php?rest_route=\/wp\/v2\/media\/162"}],"wp:attachment":[{"href":"https:\/\/cotidianamentelili.com.br\/index.php?rest_route=%2Fwp%2Fv2%2Fmedia&parent=160"}],"wp:term":[{"taxonomy":"category","embeddable":true,"href":"https:\/\/cotidianamentelili.com.br\/index.php?rest_route=%2Fwp%2Fv2%2Fcategories&post=160"},{"taxonomy":"post_tag","embeddable":true,"href":"https:\/\/cotidianamentelili.com.br\/index.php?rest_route=%2Fwp%2Fv2%2Ftags&post=160"}],"curies":[{"name":"wp","href":"https:\/\/api.w.org\/{rel}","templated":true}]}}