{"id":149,"date":"2025-06-17T13:34:48","date_gmt":"2025-06-17T17:34:48","guid":{"rendered":"https:\/\/cotidianamentelili.com.br\/?p=149"},"modified":"2025-08-07T10:42:11","modified_gmt":"2025-08-07T14:42:11","slug":"a-fonte-da-juventude-ou-a-busca-da-imortalidade-editado","status":"publish","type":"post","link":"https:\/\/cotidianamentelili.com.br\/?p=149","title":{"rendered":"A fonte da juventude ou a busca da imortalidade (editada)"},"content":{"rendered":"<p>Hoje parei para pensar sobre um assunto que vive no imagin\u00e1rio do ser humano: a fonte da juventude ou a busca da imortalidade. A lenda diz que as \u00e1guas da fonte da juventude s\u00e3o capazes de devolver a juventude \u00e0 pessoa que beb\u00ea-las ou banhar-se nelas. Livros e filmes retratam de forma fantasiosa essa busca da imortalidade.<\/p>\n<p>N\u00e3o vou negar, adoraria ainda ter minha pele dos vinte e poucos anos, com bastante col\u00e1geno\u2026 somente!<\/p>\n<p>O que vemos nos dias de hoje \u00e9 que essa busca da imortalidade ou da fonte da juventude \u00e9 bem real, no sentido f\u00edsico da coisa. As pessoas procuram desesperadamente congelar o tempo em um determinado ponto de suas vidas, mais especificamente no corpo.<\/p>\n<p>Cientistas, m\u00e9dicos e ind\u00fastrias farmac\u00eauticas pesquisam sobre o assunto, fazem experi\u00eancias, criam f\u00f3rmulas e vendem seus produtos, de todos os tipos poss\u00edveis, para todos os gostos e g\u00eaneros.<\/p>\n<p>Dessas descobertas, que v\u00e3o desde p\u00edlulas, vitaminas e cremes para a pele \u00e0 pl\u00e1stica em qualquer parte do corpo, nos chamados sinais da idade, como marcas de express\u00e3o mais comum como as rugas at\u00e9 as mais transformadoras. J\u00e1 imaginou que maravilha, parar o t\u00e3o temido senhor do tempo?! Nem tanto.<\/p>\n<p>Algumas dessas a\u00e7\u00f5es, que v\u00e3o desde aplica\u00e7\u00f5es de produtos para \u2018alisar\u2019 a pele \u00e0 redu\u00e7\u00e3o de gorduras e agora mais do que nunca a chamada harmoniza\u00e7\u00e3o facial, em que algumas pessoas ficam irreconhec\u00edveis, em alguns casos at\u00e9 desfiguradas e em casos extremos, chegam a perder a vida, sim, j\u00e1 aconteceu mais do que imaginamos.<\/p>\n<p>Pessoas emocionalmente desequilibradas buscam consult\u00f3rios m\u00e9dicos ou est\u00e9ticos, de \u2018profissionais\u2019 \u00e0s vezes sem forma\u00e7\u00e3o espec\u00edfica, e come\u00e7am a odisseia que as levar\u00e1 a um caminho sem volta, \u00e0 perda da identidade, transformando-as em verdadeiros seres desfigurados para resgatar uma imagem que nunca existiu.<\/p>\n<p>Prefiro a lenda da fonte da juventude, afinal, nada de agulhas nem bisturis, apenas um banho \u00e0s margens de seu leito ou um farto gole da sua \u00e1gua.<\/p>\n<p>Por outro lado, penso que essa busca fren\u00e9tica por rejuvenescer ou n\u00e3o envelhecer n\u00e3o tem muito sentido, porque nossas marcas de express\u00f5es s\u00e3o fruto de experi\u00eancias vividas, cada uma delas com uma hist\u00f3ria para contar, mesmo que do\u00eddas ou simples, s\u00e3o nossas vidas!<\/p>\n<p>Digo isso por experi\u00eancia pr\u00f3pria, mas n\u00e3o tem a ver com mudan\u00e7as f\u00edsicas radicais. E n\u00e3o se assustem, tamb\u00e9m n\u00e3o bebi a \u00e1gua da fonte, tampouco me banhei nela, \u00e9 sobre uma experi\u00eancia que vivi quando me formei na universidade.<\/p>\n<p>Considero o meu \u00faltimo ano da faculdade o melhor de todos, fiz parte do centro acad\u00eamico, participei ativamente de alguns movimentos estudantis e de professores \u2013 em um tempo em que lutar por um sonho ou direitos n\u00e3o era t\u00e3o perigoso \u2013, encontros regionais e nacionais de curso, viagens, enfim, vivi os quase cinco anos em apenas um e quando acabou n\u00e3o queria sair de l\u00e1, queria continuar, vivenciar tudo aquilo, congelar aquela \u00e9poca.<\/p>\n<p>A partir da lembran\u00e7a dessas emo\u00e7\u00f5es, tive uma ideia, fui \u00e0 Coordena\u00e7\u00e3o do Curso de Letras e pedi autoriza\u00e7\u00e3o para participar como aluna especial em uma determinada disciplina.<\/p>\n<p>Cheguei a frequentar algumas aulas e logo percebi, para minha decep\u00e7\u00e3o, que jamais viveria aquele tempo novamente. Por qu\u00ea? Porque as pessoas com quem convivi naquele \u00faltimo ano n\u00e3o estavam mais ali \u2013 salvo algumas poucas de outros semestres do curso \u2013, aqueles momentos que vivi, que achei maravilhosos, n\u00e3o se repetiriam tais como aconteceram\u2026<\/p>\n<p>Por isso, tiro uma conclus\u00e3o muito particular sobre o tema: de que a busca da imortalidade ou da fonte da juventude \u00e9 ilus\u00f3ria, pois os momentos vividos, as coisas, as pessoas e o mundo no qual vivemos em um passado long\u00ednquo n\u00e3o seriam exatamente os mesmos, ainda que tenham existido, eles ficaram no passado, na nossa mem\u00f3ria e em nossos cora\u00e7\u00f5es.<\/p>\n<p>E vamos ser realistas, imaginemos um mundo em que ningu\u00e9m mais morresse, n\u00e3o caberia tanta gente assim e se transformaria em uma distopia pior que muitas j\u00e1 escritas ou at\u00e9 mesmo vividas em algum universo distante.<\/p>\n<p>Essa reflex\u00e3o vale nossa acurada aten\u00e7\u00e3o, n\u00e3o?!<\/p>\n","protected":false},"excerpt":{"rendered":"<p>Hoje parei para pensar sobre um assunto que vive no imagin\u00e1rio do ser humano: a fonte da juventude ou a busca da imortalidade. A lenda diz que as \u00e1guas da fonte da juventude s\u00e3o capazes de devolver a juventude \u00e0 pessoa que beb\u00ea-las ou banhar-se nelas. Livros e filmes retratam de forma fantasiosa essa busca &#8230; <a title=\"A fonte da juventude ou a busca da imortalidade (editada)\" class=\"read-more\" href=\"https:\/\/cotidianamentelili.com.br\/?p=149\" aria-label=\"Read more about A fonte da juventude ou a busca da imortalidade (editada)\">Ler mais<\/a><\/p>\n","protected":false},"author":1,"featured_media":150,"comment_status":"open","ping_status":"open","sticky":false,"template":"","format":"standard","meta":{"footnotes":""},"categories":[2],"tags":[22],"class_list":["post-149","post","type-post","status-publish","format-standard","has-post-thumbnail","hentry","category-cronicas","tag-a-fonte-da-juventude-ou-a-busca-da-imortalidade"],"_links":{"self":[{"href":"https:\/\/cotidianamentelili.com.br\/index.php?rest_route=\/wp\/v2\/posts\/149","targetHints":{"allow":["GET"]}}],"collection":[{"href":"https:\/\/cotidianamentelili.com.br\/index.php?rest_route=\/wp\/v2\/posts"}],"about":[{"href":"https:\/\/cotidianamentelili.com.br\/index.php?rest_route=\/wp\/v2\/types\/post"}],"author":[{"embeddable":true,"href":"https:\/\/cotidianamentelili.com.br\/index.php?rest_route=\/wp\/v2\/users\/1"}],"replies":[{"embeddable":true,"href":"https:\/\/cotidianamentelili.com.br\/index.php?rest_route=%2Fwp%2Fv2%2Fcomments&post=149"}],"version-history":[{"count":4,"href":"https:\/\/cotidianamentelili.com.br\/index.php?rest_route=\/wp\/v2\/posts\/149\/revisions"}],"predecessor-version":[{"id":156,"href":"https:\/\/cotidianamentelili.com.br\/index.php?rest_route=\/wp\/v2\/posts\/149\/revisions\/156"}],"wp:featuredmedia":[{"embeddable":true,"href":"https:\/\/cotidianamentelili.com.br\/index.php?rest_route=\/wp\/v2\/media\/150"}],"wp:attachment":[{"href":"https:\/\/cotidianamentelili.com.br\/index.php?rest_route=%2Fwp%2Fv2%2Fmedia&parent=149"}],"wp:term":[{"taxonomy":"category","embeddable":true,"href":"https:\/\/cotidianamentelili.com.br\/index.php?rest_route=%2Fwp%2Fv2%2Fcategories&post=149"},{"taxonomy":"post_tag","embeddable":true,"href":"https:\/\/cotidianamentelili.com.br\/index.php?rest_route=%2Fwp%2Fv2%2Ftags&post=149"}],"curies":[{"name":"wp","href":"https:\/\/api.w.org\/{rel}","templated":true}]}}