{"id":129,"date":"2025-06-10T13:54:41","date_gmt":"2025-06-10T17:54:41","guid":{"rendered":"https:\/\/cotidianamentelili.com.br\/?p=129"},"modified":"2025-08-07T10:52:00","modified_gmt":"2025-08-07T14:52:00","slug":"lembrancas","status":"publish","type":"post","link":"https:\/\/cotidianamentelili.com.br\/?p=129","title":{"rendered":"Lembran\u00e7as"},"content":{"rendered":"<p>Dias atr\u00e1s, no story do Instagram de uma querida, ela postou uma foto de suas enteadas saboreando sua primeira Banana Split e naquele instante, aquela imagem me transportou para d\u00e9cadas atr\u00e1s, muitas, muitas mesmo, quando eu tinha l\u00e1 meus dez anos de idade e fui apresentada para a minha tamb\u00e9m primeira experi\u00eancia de tomar uma Banana Split. E quem me levou para essa saudosa aventura, ao Zum-Zum Lanches, em Ara\u00e7atuba, foi meu primo, o mais descolado dos primos, Arthur \u2013 e vamos falar baixinho aqui \u2013 o sobrinho preferido da mam\u00e3e.<\/p>\n<p>A lembran\u00e7a de vivenciar essa experi\u00eancia me fez refletir, mais uma vez, sobre como podemos aliviar o peso das cobran\u00e7as que nos impomos, dia a dia, \u00e0s vezes, influenciados ou at\u00e9 mesmo sendo cobrados por uma sociedade adoecida, que busca freneticamente uma felicidade ilus\u00f3ria.<\/p>\n<p>Apenas com a maturidade descobrimos que essa felicidade instant\u00e2nea que vemos nas redes sociais n\u00e3o existe, n\u00e3o da forma como \u00e9 apresentada.<\/p>\n<p>A verdadeira felicidade, a que mais importa, no fim das contas, \u00e9 a de alegrias cotidianas, que vivemos e experienciamos no dia a dia, numa conversa com a filha, com a amiga, com a m\u00e3e, a av\u00f3, qualquer que seja ela, tomando um caf\u00e9 da manh\u00e3, comendo um bolo caseiro com cafezinho passado no coador de pano, com cheiro de afeto.<\/p>\n<p>Esses momentos, muitas vezes impercept\u00edveis no momento em que estamos vivenciando, s\u00e3o os verdadeiros momentos de felicidade verdadeira\u2026 \u00e9 no dia a dia, no piscar de olhos, no \u201cbom dia, filha, que Deus te acompanhe!\u201d da m\u00e3e\u2026<\/p>\n<p>Outras experi\u00eancias marcantes que pude vivenciar na minha alegre e simples inf\u00e2ncia, que somente agora, adulta e muito saudosa, posso valorizar.<\/p>\n<p>As visitas na casa da tia M\u00ea, m\u00e3e do primo Arthur, tamb\u00e9m eram grandes aventuras pra mim. E tamb\u00e9m as visitas na casa da minha prima Carla, irm\u00e3 do Arthur, no seu primeiro apartamento, logo que se casou, eram as melhores, as m\u00fasicas que ouvia l\u00e1 me ajudaram a formar minha identidade musical. Ao fechar os olhos, consigo visualizar uma cena, quando com vergonha de fazer barulho do garfo no prato de cer\u00e2mica pesado pra minhas m\u00e3ozinhas ainda de crian\u00e7a.<\/p>\n<p>As viagens a Valpara\u00edso, na casa da V\u00f3 Landa tamb\u00e9m eram das minhas experi\u00eancias preferidas. Era uma casa grande, na minha lembran\u00e7a de crian\u00e7a, com uma varanda ampla, de muros e port\u00e3o baixinhos. Lembro-me do piso de madeira, que at\u00e9 hoje sonho com um parecido. O quintal, tamb\u00e9m farto de \u00e1rvores frut\u00edferas, a minha favorita, certamente, era a parreira de uvas, daquelas roxinhas e docinhas, e das frutas incomuns, tinha uma figueira. Era uma aventura completa passear por Valpara\u00edso. Lembro-me que \u00edamos a um campinho de futebol soltar pipa, feita com a ajuda do papai, com os primos, e \u00e0 noitinha, \u00edamos passear no jardim japon\u00eas. Momentos valios\u00edssimos.<\/p>\n<p>Pra finalizar e talvez tirar um aprendizado dessas lembran\u00e7as, \u00e9 constatar que a felicidade verdadeira n\u00e3o vem de compras de produtos superfaturados e muitas vezes sup\u00e9rfluos (n\u00e3o que voc\u00ea n\u00e3o possa fazer, voc\u00ea pode fazer e sonhar o que quiser), mas ela tamb\u00e9m pode vir de experi\u00eancias de momentos com pessoas queridas de nossas vidas, que ser\u00e3o lembradas para sempre em nossa mem\u00f3ria a ponto de reviv\u00ea-las nos nossos cora\u00e7\u00f5es.<\/p>\n","protected":false},"excerpt":{"rendered":"<p>Dias atr\u00e1s, no story do Instagram de uma querida, ela postou uma foto de suas enteadas saboreando sua primeira Banana Split e naquele instante, aquela imagem me transportou para d\u00e9cadas atr\u00e1s, muitas, muitas mesmo, quando eu tinha l\u00e1 meus dez anos de idade e fui apresentada para a minha tamb\u00e9m primeira experi\u00eancia de tomar uma &#8230; <a title=\"Lembran\u00e7as\" class=\"read-more\" href=\"https:\/\/cotidianamentelili.com.br\/?p=129\" aria-label=\"Read more about Lembran\u00e7as\">Ler mais<\/a><\/p>\n","protected":false},"author":1,"featured_media":130,"comment_status":"open","ping_status":"open","sticky":false,"template":"","format":"standard","meta":{"footnotes":""},"categories":[2],"tags":[26],"class_list":["post-129","post","type-post","status-publish","format-standard","has-post-thumbnail","hentry","category-cronicas","tag-lembrancas"],"_links":{"self":[{"href":"https:\/\/cotidianamentelili.com.br\/index.php?rest_route=\/wp\/v2\/posts\/129","targetHints":{"allow":["GET"]}}],"collection":[{"href":"https:\/\/cotidianamentelili.com.br\/index.php?rest_route=\/wp\/v2\/posts"}],"about":[{"href":"https:\/\/cotidianamentelili.com.br\/index.php?rest_route=\/wp\/v2\/types\/post"}],"author":[{"embeddable":true,"href":"https:\/\/cotidianamentelili.com.br\/index.php?rest_route=\/wp\/v2\/users\/1"}],"replies":[{"embeddable":true,"href":"https:\/\/cotidianamentelili.com.br\/index.php?rest_route=%2Fwp%2Fv2%2Fcomments&post=129"}],"version-history":[{"count":2,"href":"https:\/\/cotidianamentelili.com.br\/index.php?rest_route=\/wp\/v2\/posts\/129\/revisions"}],"predecessor-version":[{"id":132,"href":"https:\/\/cotidianamentelili.com.br\/index.php?rest_route=\/wp\/v2\/posts\/129\/revisions\/132"}],"wp:featuredmedia":[{"embeddable":true,"href":"https:\/\/cotidianamentelili.com.br\/index.php?rest_route=\/wp\/v2\/media\/130"}],"wp:attachment":[{"href":"https:\/\/cotidianamentelili.com.br\/index.php?rest_route=%2Fwp%2Fv2%2Fmedia&parent=129"}],"wp:term":[{"taxonomy":"category","embeddable":true,"href":"https:\/\/cotidianamentelili.com.br\/index.php?rest_route=%2Fwp%2Fv2%2Fcategories&post=129"},{"taxonomy":"post_tag","embeddable":true,"href":"https:\/\/cotidianamentelili.com.br\/index.php?rest_route=%2Fwp%2Fv2%2Ftags&post=129"}],"curies":[{"name":"wp","href":"https:\/\/api.w.org\/{rel}","templated":true}]}}