{"id":102,"date":"2025-06-05T15:30:04","date_gmt":"2025-06-05T19:30:04","guid":{"rendered":"https:\/\/cotidianamentelili.com.br\/?p=102"},"modified":"2025-08-07T10:54:40","modified_gmt":"2025-08-07T14:54:40","slug":"o-dia-de-amanha-cuidara-de-si-mesmo","status":"publish","type":"post","link":"https:\/\/cotidianamentelili.com.br\/?p=102","title":{"rendered":"O dia de amanh\u00e3 cuidar\u00e1 de si mesmo."},"content":{"rendered":"<p>Quando somos crian\u00e7as temos diversos medos. Tenho na minha escassa mem\u00f3ria de inf\u00e2ncia que fui uma garota medrosa. Confesso que tenho algumas frustra\u00e7\u00f5es por conta desses medos: apesar de morrer de vontade de andar de patins nunca andei porque tinha medo de cair, cheguei at\u00e9 a coloc\u00e1-los nos p\u00e9s e ensaiar me levantar, mas n\u00e3o passou disso. Eu tinha medo de borboletas, de que elas pousassem na minha cabe\u00e7a ou no meu rosto.<\/p>\n<p>Na realidade, ainda hoje, adulta, tenho medo de pequenos bichos voadores, os chamados louva-a-deus, as cigarras, baratas, aranhas, lib\u00e9lulas etc., com exce\u00e7\u00e3o das borboletas, que de uma forma inconsciente aprendi a ador\u00e1-las pelas cores maravilhosas que elas t\u00eam, pela efemeridade de sua exist\u00eancia e pela liberdade de voar por onde quiser, adoro-as tanto que tatuei uma azul no punho do meu bra\u00e7o direito.<\/p>\n<p>Tenho tamb\u00e9m medo de ficar sozinha na velhice, morro de medo de que meus dentes estraguem, tenho medo de perder o controle dos meus atos \u2013 enlouquecer \u2013\u2026<\/p>\n<p>Anos atr\u00e1s, li na porta do centro acad\u00eamico de Letras \u2013 CALET, da UFMT, do qual eu fazia parte, um trecho de \u2018O livro dos abra\u00e7os\u201d, de Eduardo Galeano:<\/p>\n<p><em>\u201cO medo<\/em><\/p>\n<p><em>Certa manh\u00e3, ganhamos de presente um coelhinho das \u00cdndias. Chegou em casa numa gaiola. Ao meio-dia, abri a porta da gaiola. Voltei para casa ao anoitecer e o encontrei tal e qual o havia deixado: gaiola adentro, grudado nas barras, tremendo por causa do susto da liberdade.\u201d <\/em><\/p>\n<p>Gostei muito do escrito, apesar de ter ficado com muito d\u00f3 do coelhinho\u2026 Esse texto ficou na minha mente durante anos, levando-me a pensar qu\u00e3o grave evento pode mexer com a nossa cabe\u00e7a e deixar marcas indel\u00e9veis, \u00e0s vezes boas, outras ruins, no caso do bichinho, ruins.<\/p>\n<p>Tempos atr\u00e1s passei por situa\u00e7\u00e3o similar \u00e0 do animalzinho, com uma diferen\u00e7a: eu n\u00e3o estava em grades, pelo menos n\u00e3o f\u00edsicas, apesar de me sentir em uma cela estava presa em mim mesma, nas escolhas erradas que havia feito e no medo do que tudo isso representava para mim no momento.<\/p>\n<p>Adiei por anos a tomada de uma decis\u00e3o, que pela demora n\u00e3o podia deixar de ser dr\u00e1stica, mas tive certa coragem e, claro, oportunidade, e com a ajuda, sempre em primeiro lugar, de Deus, da fam\u00edlia e amigos, consegui, a duras penas, minha liberta\u00e7\u00e3o, consegui, enfim, sair da pris\u00e3o que me meti e ent\u00e3o tive aquela sensa\u00e7\u00e3o boa e ao mesmo tempo inc\u00f4moda, talvez como a que o coelhinho vivenciou, porque nessa ocasi\u00e3o vem a pergunta: o que fazer agora?<\/p>\n<p>O animalzinho estava t\u00e3o acostumado \u00e0 pris\u00e3o, submisso e \u00e0 merc\u00ea de quem o alimentasse que a liberdade jamais vivenciada o assustava e o aprisionava. No meu caso, me senti livre, mas tamb\u00e9m estava t\u00e3o acostumada \u00e0quela sensa\u00e7\u00e3o de pris\u00e3o que n\u00e3o acreditava que podia respirar, viver as coisas simples e normais da vida como poder almo\u00e7ar em paz sem olhar para o rel\u00f3gio, ou melhor, nem usar rel\u00f3gio, desligar o celular para fazer uma sess\u00e3o de uma hora de acupuntura e <em>shiatsu<\/em> sem me preocupar com alguma liga\u00e7\u00e3o \u2018importante\u2019\u2026<\/p>\n<p>Com todas essas sensa\u00e7\u00f5es \u00e0 flor da pele posso dizer que estou sim meio perdida, meio sem rumo, me perguntando o que fazer agora? Na verdade, eu sei a resposta, mas n\u00e3o quero encar\u00e1-la, n\u00e3o ainda, n\u00e3o hoje. Sei que o tempo est\u00e1 diminuto, pois j\u00e1 n\u00e3o tenho 20 anos e percebo que com o passar dos anos essas crises de identidade v\u00e3o se perdendo no meio do turbilh\u00e3o de responsabilidades que a vida adulta nos cobra.<\/p>\n<p>Mas por outro lado, prefiro acreditar que tenho uma janela de oportunidades aberta para mim e n\u00e3o posso fechar os olhos para nenhuma delas, pois as oportunidades da janela tamb\u00e9m v\u00e3o diminuindo ao longo dos anos.<\/p>\n<p>Bem, o que sei mesmo \u00e9 que com essas novas experi\u00eancias, decidi seguir o conselho de uma das grandes li\u00e7\u00f5es de Jesus: \u201c<strong><em>Buscai primeiro o Reino de Deus e a sua justi\u00e7a, e tudo o mais vos ser\u00e1 acrescentado.<\/em><\/strong> <strong><em>N\u00e3o vos inquieteis, pois, com o dia de amanh\u00e3, porque o dia de amanh\u00e3 cuidar\u00e1 de si mesmo. Basta a cada dia o seu mal.\u201d<\/em><\/strong><\/p>\n<p>Estou aprendendo, com algumas reca\u00eddas, vez ou outra, a viver um dia de cada vez, e isso pra quem me conhece sabe que \u00e9 um grande passo, pois ansiedade \u00e9 meu nome e agora \u00e9 meu sobrenome\u2026<\/p>\n","protected":false},"excerpt":{"rendered":"<p>Quando somos crian\u00e7as temos diversos medos. Tenho na minha escassa mem\u00f3ria de inf\u00e2ncia que fui uma garota medrosa. Confesso que tenho algumas frustra\u00e7\u00f5es por conta desses medos: apesar de morrer de vontade de andar de patins nunca andei porque tinha medo de cair, cheguei at\u00e9 a coloc\u00e1-los nos p\u00e9s e ensaiar me levantar, mas n\u00e3o &#8230; <a title=\"O dia de amanh\u00e3 cuidar\u00e1 de si mesmo.\" class=\"read-more\" href=\"https:\/\/cotidianamentelili.com.br\/?p=102\" aria-label=\"Read more about O dia de amanh\u00e3 cuidar\u00e1 de si mesmo.\">Ler mais<\/a><\/p>\n","protected":false},"author":1,"featured_media":113,"comment_status":"open","ping_status":"open","sticky":false,"template":"","format":"standard","meta":{"footnotes":""},"categories":[2],"tags":[27],"class_list":["post-102","post","type-post","status-publish","format-standard","has-post-thumbnail","hentry","category-cronicas","tag-o-dia-de-amanha-cuidara-de-si-mesmo"],"_links":{"self":[{"href":"https:\/\/cotidianamentelili.com.br\/index.php?rest_route=\/wp\/v2\/posts\/102","targetHints":{"allow":["GET"]}}],"collection":[{"href":"https:\/\/cotidianamentelili.com.br\/index.php?rest_route=\/wp\/v2\/posts"}],"about":[{"href":"https:\/\/cotidianamentelili.com.br\/index.php?rest_route=\/wp\/v2\/types\/post"}],"author":[{"embeddable":true,"href":"https:\/\/cotidianamentelili.com.br\/index.php?rest_route=\/wp\/v2\/users\/1"}],"replies":[{"embeddable":true,"href":"https:\/\/cotidianamentelili.com.br\/index.php?rest_route=%2Fwp%2Fv2%2Fcomments&post=102"}],"version-history":[{"count":2,"href":"https:\/\/cotidianamentelili.com.br\/index.php?rest_route=\/wp\/v2\/posts\/102\/revisions"}],"predecessor-version":[{"id":104,"href":"https:\/\/cotidianamentelili.com.br\/index.php?rest_route=\/wp\/v2\/posts\/102\/revisions\/104"}],"wp:featuredmedia":[{"embeddable":true,"href":"https:\/\/cotidianamentelili.com.br\/index.php?rest_route=\/wp\/v2\/media\/113"}],"wp:attachment":[{"href":"https:\/\/cotidianamentelili.com.br\/index.php?rest_route=%2Fwp%2Fv2%2Fmedia&parent=102"}],"wp:term":[{"taxonomy":"category","embeddable":true,"href":"https:\/\/cotidianamentelili.com.br\/index.php?rest_route=%2Fwp%2Fv2%2Fcategories&post=102"},{"taxonomy":"post_tag","embeddable":true,"href":"https:\/\/cotidianamentelili.com.br\/index.php?rest_route=%2Fwp%2Fv2%2Ftags&post=102"}],"curies":[{"name":"wp","href":"https:\/\/api.w.org\/{rel}","templated":true}]}}